{"id":6048,"date":"2021-12-22T05:14:02","date_gmt":"2021-12-22T10:14:02","guid":{"rendered":"https:\/\/efterklang.org\/efterklang-nominerade-till-transform-awards-europe-2022\/"},"modified":"2024-06-24T15:43:32","modified_gmt":"2024-06-24T13:43:32","slug":"efterklang-nominerade-till-transform-awards-europe-2022","status":"publish","type":"post","link":"https:\/\/efterklang.org\/sv\/efterklang-nominerade-till-transform-awards-europe-2022\/","title":{"rendered":"Efterklang nominerade till Transform Awards Europe 2022"},"content":{"rendered":"<p><strong>Efterklang \u00e4r nominerade i designt\u00e4vlingen Transform Awards Europe 2022.<\/strong><\/p>\n<p>Transform Awards \u00e4r en global hyllning av varum\u00e4rkesutveckling och omprofilering, och arrangeras \u00e5rligen av Transform Magazine.<\/p>\n<p>F\u00f6r Transform Awards Europe 2022 har Efterklang nominerats f\u00f6r sitt arbete med ASSA ABLOY och Yale. Uppdraget var att definera och utforma en audiell varum\u00e4rklesprofil som kunde appliceras b\u00e5de i Yales marknadskommuniktion och i deras produkter. Vi tog fram ett audio branding konsept som harmonierar med Yales varum\u00e4rkesprofil och f\u00f6rst\u00e4rker kundens upplevelse av deras produkter. I uppdraget har vi genomf\u00f6rt en grundig analys av ljudh\u00e5rdvaran i befintliga produkter och utifr\u00e5n detta tagit fram ett konsept som anv\u00e4nds i Yales olika ber\u00f6relsepunkter med kund.<\/p>\n<p>Vinnare av Transform Awards Europe 2022 utses p\u00e5 prisutdelningen i mars 2022.<\/p>\n<p><a href=\"https:\/\/www.transformmagazine.net\/awards\/europe\/\" target=\"_blank\" rel=\"noopener\">Klicka h\u00e4r<\/a> f\u00f6r att l\u00e4sa mer om Transform Awards.<\/p>\n","protected":false},"excerpt":{"rendered":"<p>Efterklang \u00e4r nominerade i designt\u00e4vlingen Transform Awards Europe 2022. Transform Awards \u00e4r en global hyllning av varum\u00e4rkesutveckling och omprofilering, och arrangeras \u00e5rligen av Transform Magazine. F\u00f6r Transform Awards Europe 2022 har Efterklang nominerats f\u00f6r sitt arbete med ASSA ABLOY och Yale. Uppdraget var att definera och utforma en audiell varum\u00e4rklesprofil som kunde appliceras b\u00e5de i [&hellip;]<\/p>\n","protected":false},"author":6,"featured_media":6028,"comment_status":"closed","ping_status":"closed","sticky":false,"template":"","format":"standard","meta":{"_acf_changed":false,"footnotes":""},"categories":[628],"tags":[],"project_category":[237],"class_list":["post-6048","post","type-post","status-publish","format-standard","has-post-thumbnail","hentry","category-nyheter-fran-efterklang","project_category-ljuddesign"],"acf":[],"yoast_head":"<!-- This site is optimized with the Yoast SEO plugin v22.1 - https:\/\/yoast.com\/wordpress\/plugins\/seo\/ -->\n<title>Efterklang nominerade till Transform Awards Europe 2022 - Efterklang<\/title>\n<meta name=\"robots\" content=\"index, follow, max-snippet:-1, max-image-preview:large, max-video-preview:-1\" \/>\n<link rel=\"canonical\" href=\"https:\/\/efterklang.org\/sv\/efterklang-nominerade-till-transform-awards-europe-2022\/\" \/>\n<meta property=\"og:locale\" content=\"sv_SE\" \/>\n<meta property=\"og:type\" content=\"article\" \/>\n<meta property=\"og:title\" content=\"Efterklang nominerade till Transform Awards Europe 2022 - Efterklang\" \/>\n<meta property=\"og:description\" content=\"Efterklang \u00e4r nominerade i designt\u00e4vlingen Transform Awards Europe 2022. Transform Awards \u00e4r en global hyllning av varum\u00e4rkesutveckling och omprofilering, och arrangeras \u00e5rligen av Transform Magazine. F\u00f6r Transform Awards Europe 2022 har Efterklang nominerats f\u00f6r sitt arbete med ASSA ABLOY och Yale. Uppdraget var att definera och utforma en audiell varum\u00e4rklesprofil som kunde appliceras b\u00e5de i [&hellip;]\" \/>\n<meta property=\"og:url\" content=\"https:\/\/efterklang.org\/sv\/efterklang-nominerade-till-transform-awards-europe-2022\/\" \/>\n<meta property=\"og:site_name\" content=\"Efterklang\" \/>\n<meta property=\"article:published_time\" content=\"2021-12-22T10:14:02+00:00\" \/>\n<meta property=\"article:modified_time\" content=\"2024-06-24T13:43:32+00:00\" \/>\n<meta property=\"og:image\" content=\"https:\/\/efterklang.org\/wp-content\/uploads\/2021\/12\/TA-Europe-2022_Shortlisted-in.jpg\" \/>\n\t<meta property=\"og:image:width\" content=\"1667\" \/>\n\t<meta property=\"og:image:height\" content=\"938\" \/>\n\t<meta property=\"og:image:type\" content=\"image\/jpeg\" \/>\n<meta name=\"author\" content=\"Hilde Rosenberg Bulow\" \/>\n<meta name=\"twitter:card\" content=\"summary_large_image\" \/>\n<meta name=\"twitter:label1\" content=\"Skriven av\" \/>\n\t<meta name=\"twitter:data1\" content=\"Hilde Rosenberg Bulow\" \/>\n\t<meta name=\"twitter:label2\" content=\"Ber\u00e4knad l\u00e4stid\" \/>\n\t<meta name=\"twitter:data2\" content=\"1 minut\" \/>\n<script type=\"application\/ld+json\" class=\"yoast-schema-graph\">{\"@context\":\"https:\/\/schema.org\",\"@graph\":[{\"@type\":\"Article\",\"@id\":\"https:\/\/efterklang.org\/sv\/efterklang-nominerade-till-transform-awards-europe-2022\/#article\",\"isPartOf\":{\"@id\":\"https:\/\/efterklang.org\/sv\/efterklang-nominerade-till-transform-awards-europe-2022\/\"},\"author\":{\"name\":\"Hilde Rosenberg Bulow\",\"@id\":\"https:\/\/efterklang.org\/#\/schema\/person\/d2fcbf1fd1aa8e6bee6414f67ec88ba3\"},\"headline\":\"Efterklang nominerade till Transform Awards Europe 2022\",\"datePublished\":\"2021-12-22T10:14:02+00:00\",\"dateModified\":\"2024-06-24T13:43:32+00:00\",\"mainEntityOfPage\":{\"@id\":\"https:\/\/efterklang.org\/sv\/efterklang-nominerade-till-transform-awards-europe-2022\/\"},\"wordCount\":148,\"publisher\":{\"@id\":\"https:\/\/efterklang.org\/#organization\"},\"articleSection\":[\"Nyheter fr\u00e5n Efterklang\"],\"inLanguage\":\"sv-SE\"},{\"@type\":\"WebPage\",\"@id\":\"https:\/\/efterklang.org\/sv\/efterklang-nominerade-till-transform-awards-europe-2022\/\",\"url\":\"https:\/\/efterklang.org\/sv\/efterklang-nominerade-till-transform-awards-europe-2022\/\",\"name\":\"Efterklang nominerade till Transform Awards Europe 2022 - Efterklang\",\"isPartOf\":{\"@id\":\"https:\/\/efterklang.org\/#website\"},\"datePublished\":\"2021-12-22T10:14:02+00:00\",\"dateModified\":\"2024-06-24T13:43:32+00:00\",\"breadcrumb\":{\"@id\":\"https:\/\/efterklang.org\/sv\/efterklang-nominerade-till-transform-awards-europe-2022\/#breadcrumb\"},\"inLanguage\":\"sv-SE\",\"potentialAction\":[{\"@type\":\"ReadAction\",\"target\":[\"https:\/\/efterklang.org\/sv\/efterklang-nominerade-till-transform-awards-europe-2022\/\"]}]},{\"@type\":\"BreadcrumbList\",\"@id\":\"https:\/\/efterklang.org\/sv\/efterklang-nominerade-till-transform-awards-europe-2022\/#breadcrumb\",\"itemListElement\":[{\"@type\":\"ListItem\",\"position\":1,\"name\":\"Home\",\"item\":\"https:\/\/efterklang.org\/sv\/\"},{\"@type\":\"ListItem\",\"position\":2,\"name\":\"Efterklang nominerade till Transform Awards Europe 2022\"}]},{\"@type\":\"WebSite\",\"@id\":\"https:\/\/efterklang.org\/#website\",\"url\":\"https:\/\/efterklang.org\/\",\"name\":\"Efterklang\",\"description\":\"P\u00e5 Efterklang designar och s\u00e4krar vi ljudmilj\u00f6er.\",\"publisher\":{\"@id\":\"https:\/\/efterklang.org\/#organization\"},\"potentialAction\":[{\"@type\":\"SearchAction\",\"target\":{\"@type\":\"EntryPoint\",\"urlTemplate\":\"https:\/\/efterklang.org\/?s={search_term_string}\"},\"query-input\":\"required name=search_term_string\"}],\"inLanguage\":\"sv-SE\"},{\"@type\":\"Organization\",\"@id\":\"https:\/\/efterklang.org\/#organization\",\"name\":\"Efterklang\",\"url\":\"https:\/\/efterklang.org\/\",\"logo\":{\"@type\":\"ImageObject\",\"inLanguage\":\"sv-SE\",\"@id\":\"https:\/\/efterklang.org\/#\/schema\/logo\/image\/\",\"url\":\"https:\/\/efterklang.org\/wp-content\/uploads\/2021\/10\/Asset-25.svg\",\"contentUrl\":\"https:\/\/efterklang.org\/wp-content\/uploads\/2021\/10\/Asset-25.svg\",\"caption\":\"Efterklang\"},\"image\":{\"@id\":\"https:\/\/efterklang.org\/#\/schema\/logo\/image\/\"}},{\"@type\":\"Person\",\"@id\":\"https:\/\/efterklang.org\/#\/schema\/person\/d2fcbf1fd1aa8e6bee6414f67ec88ba3\",\"name\":\"Hilde Rosenberg Bulow\",\"image\":{\"@type\":\"ImageObject\",\"inLanguage\":\"sv-SE\",\"@id\":\"https:\/\/efterklang.org\/#\/schema\/person\/image\/\",\"url\":\"https:\/\/secure.gravatar.com\/avatar\/da8c6a28eb4c86a14fb46d50159a3046c90cd3fac77f99cbadda7c1087a80168?s=96&d=mm&r=g\",\"contentUrl\":\"https:\/\/secure.gravatar.com\/avatar\/da8c6a28eb4c86a14fb46d50159a3046c90cd3fac77f99cbadda7c1087a80168?s=96&d=mm&r=g\",\"caption\":\"Hilde Rosenberg Bulow\"}}]}<\/script>\n<!-- \/ Yoast SEO plugin. -->","yoast_head_json":{"title":"Efterklang nominerade till Transform Awards Europe 2022 - Efterklang","robots":{"index":"index","follow":"follow","max-snippet":"max-snippet:-1","max-image-preview":"max-image-preview:large","max-video-preview":"max-video-preview:-1"},"canonical":"https:\/\/efterklang.org\/sv\/efterklang-nominerade-till-transform-awards-europe-2022\/","og_locale":"sv_SE","og_type":"article","og_title":"Efterklang nominerade till Transform Awards Europe 2022 - Efterklang","og_description":"Efterklang \u00e4r nominerade i designt\u00e4vlingen Transform Awards Europe 2022. Transform Awards \u00e4r en global hyllning av varum\u00e4rkesutveckling och omprofilering, och arrangeras \u00e5rligen av Transform Magazine. F\u00f6r Transform Awards Europe 2022 har Efterklang nominerats f\u00f6r sitt arbete med ASSA ABLOY och Yale. Uppdraget var att definera och utforma en audiell varum\u00e4rklesprofil som kunde appliceras b\u00e5de i [&hellip;]","og_url":"https:\/\/efterklang.org\/sv\/efterklang-nominerade-till-transform-awards-europe-2022\/","og_site_name":"Efterklang","article_published_time":"2021-12-22T10:14:02+00:00","article_modified_time":"2024-06-24T13:43:32+00:00","og_image":[{"width":1667,"height":938,"url":"https:\/\/efterklang.org\/wp-content\/uploads\/2021\/12\/TA-Europe-2022_Shortlisted-in.jpg","type":"image\/jpeg"}],"author":"Hilde Rosenberg Bulow","twitter_card":"summary_large_image","twitter_misc":{"Skriven av":"Hilde Rosenberg Bulow","Ber\u00e4knad l\u00e4stid":"1 minut"},"schema":{"@context":"https:\/\/schema.org","@graph":[{"@type":"Article","@id":"https:\/\/efterklang.org\/sv\/efterklang-nominerade-till-transform-awards-europe-2022\/#article","isPartOf":{"@id":"https:\/\/efterklang.org\/sv\/efterklang-nominerade-till-transform-awards-europe-2022\/"},"author":{"name":"Hilde Rosenberg Bulow","@id":"https:\/\/efterklang.org\/#\/schema\/person\/d2fcbf1fd1aa8e6bee6414f67ec88ba3"},"headline":"Efterklang nominerade till Transform Awards Europe 2022","datePublished":"2021-12-22T10:14:02+00:00","dateModified":"2024-06-24T13:43:32+00:00","mainEntityOfPage":{"@id":"https:\/\/efterklang.org\/sv\/efterklang-nominerade-till-transform-awards-europe-2022\/"},"wordCount":148,"publisher":{"@id":"https:\/\/efterklang.org\/#organization"},"articleSection":["Nyheter fr\u00e5n Efterklang"],"inLanguage":"sv-SE"},{"@type":"WebPage","@id":"https:\/\/efterklang.org\/sv\/efterklang-nominerade-till-transform-awards-europe-2022\/","url":"https:\/\/efterklang.org\/sv\/efterklang-nominerade-till-transform-awards-europe-2022\/","name":"Efterklang nominerade till Transform Awards Europe 2022 - Efterklang","isPartOf":{"@id":"https:\/\/efterklang.org\/#website"},"datePublished":"2021-12-22T10:14:02+00:00","dateModified":"2024-06-24T13:43:32+00:00","breadcrumb":{"@id":"https:\/\/efterklang.org\/sv\/efterklang-nominerade-till-transform-awards-europe-2022\/#breadcrumb"},"inLanguage":"sv-SE","potentialAction":[{"@type":"ReadAction","target":["https:\/\/efterklang.org\/sv\/efterklang-nominerade-till-transform-awards-europe-2022\/"]}]},{"@type":"BreadcrumbList","@id":"https:\/\/efterklang.org\/sv\/efterklang-nominerade-till-transform-awards-europe-2022\/#breadcrumb","itemListElement":[{"@type":"ListItem","position":1,"name":"Home","item":"https:\/\/efterklang.org\/sv\/"},{"@type":"ListItem","position":2,"name":"Efterklang nominerade till Transform Awards Europe 2022"}]},{"@type":"WebSite","@id":"https:\/\/efterklang.org\/#website","url":"https:\/\/efterklang.org\/","name":"Efterklang","description":"P\u00e5 Efterklang designar och s\u00e4krar vi ljudmilj\u00f6er.","publisher":{"@id":"https:\/\/efterklang.org\/#organization"},"potentialAction":[{"@type":"SearchAction","target":{"@type":"EntryPoint","urlTemplate":"https:\/\/efterklang.org\/?s={search_term_string}"},"query-input":"required name=search_term_string"}],"inLanguage":"sv-SE"},{"@type":"Organization","@id":"https:\/\/efterklang.org\/#organization","name":"Efterklang","url":"https:\/\/efterklang.org\/","logo":{"@type":"ImageObject","inLanguage":"sv-SE","@id":"https:\/\/efterklang.org\/#\/schema\/logo\/image\/","url":"https:\/\/efterklang.org\/wp-content\/uploads\/2021\/10\/Asset-25.svg","contentUrl":"https:\/\/efterklang.org\/wp-content\/uploads\/2021\/10\/Asset-25.svg","caption":"Efterklang"},"image":{"@id":"https:\/\/efterklang.org\/#\/schema\/logo\/image\/"}},{"@type":"Person","@id":"https:\/\/efterklang.org\/#\/schema\/person\/d2fcbf1fd1aa8e6bee6414f67ec88ba3","name":"Hilde Rosenberg Bulow","image":{"@type":"ImageObject","inLanguage":"sv-SE","@id":"https:\/\/efterklang.org\/#\/schema\/person\/image\/","url":"https:\/\/secure.gravatar.com\/avatar\/da8c6a28eb4c86a14fb46d50159a3046c90cd3fac77f99cbadda7c1087a80168?s=96&d=mm&r=g","contentUrl":"https:\/\/secure.gravatar.com\/avatar\/da8c6a28eb4c86a14fb46d50159a3046c90cd3fac77f99cbadda7c1087a80168?s=96&d=mm&r=g","caption":"Hilde Rosenberg Bulow"}}]}},"_links":{"self":[{"href":"https:\/\/efterklang.org\/sv\/wp-json\/wp\/v2\/posts\/6048","targetHints":{"allow":["GET"]}}],"collection":[{"href":"https:\/\/efterklang.org\/sv\/wp-json\/wp\/v2\/posts"}],"about":[{"href":"https:\/\/efterklang.org\/sv\/wp-json\/wp\/v2\/types\/post"}],"author":[{"embeddable":true,"href":"https:\/\/efterklang.org\/sv\/wp-json\/wp\/v2\/users\/6"}],"replies":[{"embeddable":true,"href":"https:\/\/efterklang.org\/sv\/wp-json\/wp\/v2\/comments?post=6048"}],"version-history":[{"count":2,"href":"https:\/\/efterklang.org\/sv\/wp-json\/wp\/v2\/posts\/6048\/revisions"}],"predecessor-version":[{"id":6050,"href":"https:\/\/efterklang.org\/sv\/wp-json\/wp\/v2\/posts\/6048\/revisions\/6050"}],"wp:featuredmedia":[{"embeddable":true,"href":"https:\/\/efterklang.org\/sv\/wp-json\/wp\/v2\/media\/6028"}],"wp:attachment":[{"href":"https:\/\/efterklang.org\/sv\/wp-json\/wp\/v2\/media?parent=6048"}],"wp:term":[{"taxonomy":"category","embeddable":true,"href":"https:\/\/efterklang.org\/sv\/wp-json\/wp\/v2\/categories?post=6048"},{"taxonomy":"post_tag","embeddable":true,"href":"https:\/\/efterklang.org\/sv\/wp-json\/wp\/v2\/tags?post=6048"},{"taxonomy":"project_category","embeddable":true,"href":"https:\/\/efterklang.org\/sv\/wp-json\/wp\/v2\/project_category?post=6048"}],"curies":[{"name":"wp","href":"https:\/\/api.w.org\/{rel}","templated":true}]}}