{"id":14444,"date":"2025-02-03T15:49:10","date_gmt":"2025-02-03T14:49:10","guid":{"rendered":"https:\/\/efterklang.org\/?p=14444"},"modified":"2025-02-04T09:35:10","modified_gmt":"2025-02-04T08:35:10","slug":"ljud-och-akustik-i-skolmiljoer","status":"publish","type":"post","link":"https:\/\/efterklang.org\/sv\/ljud-och-akustik-i-skolmiljoer\/","title":{"rendered":"Ljud och akustik i skolmilj\u00f6er"},"content":{"rendered":"<p><strong>Visste du att skolan \u00e4r en av Sveriges st\u00f6rsta arbetsplatser? Utbildningsv\u00e4sendet, fr\u00e5n f\u00f6rskola till gymnasium och vuxenutbildning, syssels\u00e4tter hundratusentals m\u00e4nniskor. Men skolan \u00e4r mer \u00e4n en arbetsplats \u2013 den \u00e4r \u00e4ven samh\u00e4llets motor f\u00f6r att forma framtidens medborgare och ge unga kunskaper och f\u00e4rdigheter som kr\u00e4vs f\u00f6r att m\u00f6ta morgondagens utmaningar.<\/strong><\/p>\n<h2>Nyckelpunkter:<\/h2>\n<ul>\n<li>En god ljudmilj\u00f6 \u00e4r avg\u00f6rande f\u00f6r b\u00e5de elevernas koncentration och inl\u00e4rning samt l\u00e4rarnas h\u00e4lsa och arbetsf\u00f6rm\u00e5ga.<\/li>\n<li>Skolmilj\u00f6er drabbas ofta av h\u00f6gt bakgrundsbrus, l\u00e5ng efterklangstid och brist p\u00e5 st\u00f6d f\u00f6r elever med s\u00e4rskilda behov.<\/li>\n<li>Genom att kombinera akustisk expertis och teknik erbjuder Efterklang l\u00f6sningar som ljudd\u00e4mpande material, tysta m\u00f6bler och ljudpoddar.<\/li>\n<\/ul>\n<p>Det finns mycket att diskutera kring skolmilj\u00f6n, men p\u00e5 Efterklang fokuserar vi endast p\u00e5 en fr\u00e5ga, som p\u00e5verkar b\u00e5de elever och pedagoger varje dag, n\u00e4mligen ljudmilj\u00f6n. I denna artikel utforskar vi hur r\u00e4tt akustik kan skapa b\u00e4ttre f\u00f6ruts\u00e4ttningar f\u00f6r l\u00e4rande och trivsel i skolan.<\/p>\n<h2><strong>Ljudmilj\u00f6ns p\u00e5verkan p\u00e5 elever och l\u00e4rare<\/strong><\/h2>\n<p>En god ljudmilj\u00f6 \u00e4r avg\u00f6rande f\u00f6r b\u00e5de koncentration och inl\u00e4rning. H\u00f6ga ljudniv\u00e5er och l\u00e5ng efterklangstid g\u00f6r det sv\u00e5rt att h\u00f6ra och f\u00f6rst\u00e5 tal, vilket kan leda till stress och f\u00f6rs\u00e4mrad inl\u00e4rning. Pedagoger riskerar dessutom att drabbas av r\u00f6sttr\u00f6tthet, vilket kan p\u00e5verka deras arbetsf\u00f6rm\u00e5ga och i vissa fall resultera i sjukskrivning.<\/p>\n<p><img decoding=\"async\" class=\"alignnone wp-image-14458\" src=\"https:\/\/efterklang.org\/wp-content\/uploads\/2025\/02\/WEBSITE-news-29-300x200.png\" alt=\"\" width=\"605\" height=\"403\" srcset=\"https:\/\/efterklang.org\/wp-content\/uploads\/2025\/02\/WEBSITE-news-29-300x200.png 300w, https:\/\/efterklang.org\/wp-content\/uploads\/2025\/02\/WEBSITE-news-29.png 769w\" sizes=\"(max-width: 605px) 100vw, 605px\" \/><\/p>\n<p>Vanliga akustiska utmaningar i skolmilj\u00f6er:<\/p>\n<p><strong>H\u00f6ga bakgrundsbrusniv\u00e5er<\/strong> som f\u00f6rsv\u00e5rar kommunikation.<\/p>\n<p><strong>L\u00e5ng efterklangstid<\/strong>, vilket skapar en bullrig milj\u00f6.<\/p>\n<p><strong>Brist p\u00e5 hj\u00e4lpmedel<\/strong>, s\u00e4rskilt f\u00f6r elever med s\u00e4rskilda behov.<\/p>\n<p>En bristf\u00e4llig ljudmilj\u00f6 p\u00e5verkar inte bara individer med s\u00e4rskilda behov, s\u00e5som h\u00f6rselneds\u00e4ttning, barn med annat modersm\u00e5l \u00e4n svenska eller barn med NPF-diagnoser \u2013 den kan g\u00f6ra det sv\u00e5rt f\u00f6r alla att fokusera och ta till sig undervisningen.<\/p>\n<h2><strong>L\u00f6sningen \u2013 kombinationen av akustisk expertis och teknik<\/strong><\/h2>\n<p>P\u00e5 Efterklang skapar vi skolmilj\u00f6er som st\u00f6djer l\u00e4rande genom att kombinera akustisk expertis med smarta tekniska l\u00f6sningar. F\u00f6r att l\u00f6sa vanliga utmaningar i skolans ljudmilj\u00f6 fokuserar vi p\u00e5 b\u00e5de fysiska och tekniska \u00e5tg\u00e4rder:<\/p>\n<p>V\u00e5ra nyckell\u00f6sningar f\u00f6r en b\u00e4ttre ljudmilj\u00f6:<\/p>\n<p><strong>Gener\u00f6s ljudd\u00e4mpning i tak och p\u00e5 v\u00e4ggar:<\/strong> Absorberande material minskar efterklang, \u00f6kar taluppfattbarheten och d\u00e4mpar st\u00f6rande ljudniv\u00e5er i klassrummet.<\/p>\n<p><strong>Golv med l\u00e5ga trumljudsniv\u00e5er:<\/strong> Stegljudsreducerande material i golven minskar buller fr\u00e5n r\u00f6relse i klassrummet.<\/p>\n<p><strong>Inredning med l\u00e5g ljudalstring:<\/strong> M\u00f6bler och inredning v\u00e4ljs med fokus p\u00e5 att minimera ljud som uppst\u00e5r vid anv\u00e4ndning, exempelvis n\u00e4r stolar dras ut eller f\u00f6rem\u00e5l tappas.<\/p>\n<p><strong>Ljudpoddar f\u00f6r elever med s\u00e4rskilda behov:<\/strong> Skr\u00e4ddarsydda l\u00f6sningar f\u00f6r elever som beh\u00f6ver en extra lugn och tyst milj\u00f6 f\u00f6r koncentration och st\u00f6d.<\/p>\n<p><strong>Teknik som f\u00f6rst\u00e4rker pedagogens r\u00f6st:<\/strong> Det finns s\u00e4rskild ljudteknik f\u00f6r talarf\u00f6rst\u00e4rkning som s\u00e4kerst\u00e4ller att alla elever, oavsett var de sitter, h\u00f6r pedagogen tydligt.<\/p>\n<p>Genom att kombinera dessa \u00e5tg\u00e4rder skapar vi en helhet d\u00e4r b\u00e5de den fysiska milj\u00f6n och tekniken samverkar f\u00f6r att f\u00f6rb\u00e4ttra f\u00f6ruts\u00e4ttningarna f\u00f6r l\u00e4randet.<\/p>\n<h2><strong>F\u00f6rdelarna med en optimerad akustik<\/strong><\/h2>\n<p>Att investera i en b\u00e4ttre ljudmilj\u00f6 i skolan ger tydliga resultat:<\/p>\n<p><strong>\u00d6kad koncentration:<\/strong> Elever f\u00e5r en lugnare milj\u00f6 f\u00f6r l\u00e4rande.<\/p>\n<p><strong>J\u00e4mlikhet:<\/strong> Alla elever, oavsett h\u00f6rself\u00f6rm\u00e5ga, f\u00e5r samma f\u00f6ruts\u00e4ttningar att ta till sig undervisningen.<\/p>\n<p><strong>Minskad tr\u00f6tthet:<\/strong> B\u00e5de pedagoger och elever slipper \u00f6veranstr\u00e4nga sig f\u00f6r att h\u00f6ra eller bli h\u00f6rda.<\/p>\n<h2><strong>Efterklangs process f\u00f6r b\u00e4ttre ljudmilj\u00f6er<\/strong><\/h2>\n<p>Vi erbjuder ett helhetsgrepp som s\u00e4kerst\u00e4ller l\u00e5ngsiktiga f\u00f6rb\u00e4ttringar:<\/p>\n<p><strong>1. Kartl\u00e4ggning: <\/strong>En noggrann unders\u00f6kning av skolans ljudmilj\u00f6.<br \/>\n<strong>2. Design och implementering: <\/strong>Anpassade akustiska l\u00f6sningar.<br \/>\n<strong>3. Integrering av teknologi: <\/strong>Implementering av ljudsystem vid behov.<br \/>\n<strong>4. Uppf\u00f6ljning: <\/strong>Kontinuerlig utv\u00e4rdering f\u00f6r h\u00e5llbara resultat.<\/p>\n<p>Med introduktionen av ljudpoddar, ser vi hur denna teknologi kan vara ett v\u00e4rdefullt verktyg f\u00f6r b\u00e5de undervisning och l\u00e4rande. Genom att erbjuda denna integrering tillsammans med v\u00e5ra andra tj\u00e4nster, ger vi skolor ett helhetsgrepp som inte bara f\u00f6rb\u00e4ttrar ljudmilj\u00f6n, utan ocks\u00e5 skapar nya m\u00f6jligheter f\u00f6r l\u00e4rande och interaktivitet.<\/p>\n<h2><strong>Kontakta oss<\/strong><\/h2>\n<p>Vill du veta mer om hur vi kan f\u00f6rb\u00e4ttra ljudmilj\u00f6n i din skola? Kontakta v\u00e5r akustiker <a href=\"mailto:erik.backman@efterklang.org\">Erik Backman<\/a> f\u00f6r vidare v\u00e4gledning.<\/p>\n","protected":false},"excerpt":{"rendered":"<p>Visste du att skolan \u00e4r en av Sveriges st\u00f6rsta arbetsplatser? Utbildningsv\u00e4sendet, fr\u00e5n f\u00f6rskola till gymnasium och vuxenutbildning, syssels\u00e4tter hundratusentals m\u00e4nniskor. Men skolan \u00e4r mer \u00e4n en arbetsplats \u2013 den \u00e4r \u00e4ven samh\u00e4llets motor f\u00f6r att forma framtidens medborgare och ge unga kunskaper och f\u00e4rdigheter som kr\u00e4vs f\u00f6r att m\u00f6ta morgondagens utmaningar. Nyckelpunkter: En god ljudmilj\u00f6 [&hellip;]<\/p>\n","protected":false},"author":6,"featured_media":14454,"comment_status":"closed","ping_status":"closed","sticky":false,"template":"","format":"standard","meta":{"_acf_changed":false,"footnotes":""},"categories":[627],"tags":[],"project_category":[232],"class_list":["post-14444","post","type-post","status-publish","format-standard","has-post-thumbnail","hentry","category-insikter","project_category-akustik"],"acf":[],"yoast_head":"<!-- This site is optimized with the Yoast SEO plugin v22.1 - https:\/\/yoast.com\/wordpress\/plugins\/seo\/ -->\n<title>Ljud och akustik i skolmilj\u00f6er<\/title>\n<meta name=\"description\" content=\"P\u00e5 Efterklang skapar vi skolmilj\u00f6er som st\u00f6djer l\u00e4rande genom att kombinera akustisk expertis med smarta tekniska l\u00f6sningar.\" \/>\n<meta name=\"robots\" content=\"index, follow, max-snippet:-1, max-image-preview:large, max-video-preview:-1\" \/>\n<link rel=\"canonical\" href=\"https:\/\/efterklang.org\/sv\/ljud-och-akustik-i-skolmiljoer\/\" \/>\n<meta property=\"og:locale\" content=\"sv_SE\" \/>\n<meta property=\"og:type\" content=\"article\" \/>\n<meta property=\"og:title\" content=\"Ljud och akustik i skolmilj\u00f6er\" \/>\n<meta property=\"og:description\" content=\"P\u00e5 Efterklang skapar vi skolmilj\u00f6er som st\u00f6djer l\u00e4rande genom att kombinera akustisk expertis med smarta tekniska l\u00f6sningar.\" \/>\n<meta property=\"og:url\" content=\"https:\/\/efterklang.org\/sv\/ljud-och-akustik-i-skolmiljoer\/\" \/>\n<meta property=\"og:site_name\" content=\"Efterklang\" \/>\n<meta property=\"article:published_time\" content=\"2025-02-03T14:49:10+00:00\" \/>\n<meta property=\"article:modified_time\" content=\"2025-02-04T08:35:10+00:00\" \/>\n<meta property=\"og:image\" content=\"https:\/\/efterklang.org\/wp-content\/uploads\/2025\/02\/WEBSITE-news-27.png\" \/>\n\t<meta property=\"og:image:width\" content=\"769\" \/>\n\t<meta property=\"og:image:height\" content=\"512\" \/>\n\t<meta property=\"og:image:type\" content=\"image\/png\" \/>\n<meta name=\"author\" content=\"Hilde Rosenberg Bulow\" \/>\n<meta name=\"twitter:card\" content=\"summary_large_image\" \/>\n<meta name=\"twitter:label1\" content=\"Skriven av\" \/>\n\t<meta name=\"twitter:data1\" content=\"Hilde Rosenberg Bulow\" \/>\n\t<meta name=\"twitter:label2\" content=\"Ber\u00e4knad l\u00e4stid\" \/>\n\t<meta name=\"twitter:data2\" content=\"4 minuter\" \/>\n<script type=\"application\/ld+json\" class=\"yoast-schema-graph\">{\"@context\":\"https:\/\/schema.org\",\"@graph\":[{\"@type\":\"Article\",\"@id\":\"https:\/\/efterklang.org\/sv\/ljud-och-akustik-i-skolmiljoer\/#article\",\"isPartOf\":{\"@id\":\"https:\/\/efterklang.org\/sv\/ljud-och-akustik-i-skolmiljoer\/\"},\"author\":{\"name\":\"Hilde Rosenberg Bulow\",\"@id\":\"https:\/\/efterklang.org\/#\/schema\/person\/d2fcbf1fd1aa8e6bee6414f67ec88ba3\"},\"headline\":\"Ljud och akustik i skolmilj\u00f6er\",\"datePublished\":\"2025-02-03T14:49:10+00:00\",\"dateModified\":\"2025-02-04T08:35:10+00:00\",\"mainEntityOfPage\":{\"@id\":\"https:\/\/efterklang.org\/sv\/ljud-och-akustik-i-skolmiljoer\/\"},\"wordCount\":800,\"publisher\":{\"@id\":\"https:\/\/efterklang.org\/#organization\"},\"articleSection\":[\"Insikter fr\u00e5n branschen\"],\"inLanguage\":\"sv-SE\"},{\"@type\":\"WebPage\",\"@id\":\"https:\/\/efterklang.org\/sv\/ljud-och-akustik-i-skolmiljoer\/\",\"url\":\"https:\/\/efterklang.org\/sv\/ljud-och-akustik-i-skolmiljoer\/\",\"name\":\"Ljud och akustik i skolmilj\u00f6er\",\"isPartOf\":{\"@id\":\"https:\/\/efterklang.org\/#website\"},\"datePublished\":\"2025-02-03T14:49:10+00:00\",\"dateModified\":\"2025-02-04T08:35:10+00:00\",\"description\":\"P\u00e5 Efterklang skapar vi skolmilj\u00f6er som st\u00f6djer l\u00e4rande genom att kombinera akustisk expertis med smarta tekniska l\u00f6sningar.\",\"breadcrumb\":{\"@id\":\"https:\/\/efterklang.org\/sv\/ljud-och-akustik-i-skolmiljoer\/#breadcrumb\"},\"inLanguage\":\"sv-SE\",\"potentialAction\":[{\"@type\":\"ReadAction\",\"target\":[\"https:\/\/efterklang.org\/sv\/ljud-och-akustik-i-skolmiljoer\/\"]}]},{\"@type\":\"BreadcrumbList\",\"@id\":\"https:\/\/efterklang.org\/sv\/ljud-och-akustik-i-skolmiljoer\/#breadcrumb\",\"itemListElement\":[{\"@type\":\"ListItem\",\"position\":1,\"name\":\"Home\",\"item\":\"https:\/\/efterklang.org\/sv\/\"},{\"@type\":\"ListItem\",\"position\":2,\"name\":\"Ljud och akustik i skolmilj\u00f6er\"}]},{\"@type\":\"WebSite\",\"@id\":\"https:\/\/efterklang.org\/#website\",\"url\":\"https:\/\/efterklang.org\/\",\"name\":\"Efterklang\",\"description\":\"P\u00e5 Efterklang designar och s\u00e4krar vi ljudmilj\u00f6er.\",\"publisher\":{\"@id\":\"https:\/\/efterklang.org\/#organization\"},\"potentialAction\":[{\"@type\":\"SearchAction\",\"target\":{\"@type\":\"EntryPoint\",\"urlTemplate\":\"https:\/\/efterklang.org\/?s={search_term_string}\"},\"query-input\":\"required name=search_term_string\"}],\"inLanguage\":\"sv-SE\"},{\"@type\":\"Organization\",\"@id\":\"https:\/\/efterklang.org\/#organization\",\"name\":\"Efterklang\",\"url\":\"https:\/\/efterklang.org\/\",\"logo\":{\"@type\":\"ImageObject\",\"inLanguage\":\"sv-SE\",\"@id\":\"https:\/\/efterklang.org\/#\/schema\/logo\/image\/\",\"url\":\"https:\/\/efterklang.org\/wp-content\/uploads\/2021\/10\/Asset-25.svg\",\"contentUrl\":\"https:\/\/efterklang.org\/wp-content\/uploads\/2021\/10\/Asset-25.svg\",\"caption\":\"Efterklang\"},\"image\":{\"@id\":\"https:\/\/efterklang.org\/#\/schema\/logo\/image\/\"}},{\"@type\":\"Person\",\"@id\":\"https:\/\/efterklang.org\/#\/schema\/person\/d2fcbf1fd1aa8e6bee6414f67ec88ba3\",\"name\":\"Hilde Rosenberg Bulow\",\"image\":{\"@type\":\"ImageObject\",\"inLanguage\":\"sv-SE\",\"@id\":\"https:\/\/efterklang.org\/#\/schema\/person\/image\/\",\"url\":\"https:\/\/secure.gravatar.com\/avatar\/da8c6a28eb4c86a14fb46d50159a3046c90cd3fac77f99cbadda7c1087a80168?s=96&d=mm&r=g\",\"contentUrl\":\"https:\/\/secure.gravatar.com\/avatar\/da8c6a28eb4c86a14fb46d50159a3046c90cd3fac77f99cbadda7c1087a80168?s=96&d=mm&r=g\",\"caption\":\"Hilde Rosenberg Bulow\"}}]}<\/script>\n<!-- \/ Yoast SEO plugin. -->","yoast_head_json":{"title":"Ljud och akustik i skolmilj\u00f6er","description":"P\u00e5 Efterklang skapar vi skolmilj\u00f6er som st\u00f6djer l\u00e4rande genom att kombinera akustisk expertis med smarta tekniska l\u00f6sningar.","robots":{"index":"index","follow":"follow","max-snippet":"max-snippet:-1","max-image-preview":"max-image-preview:large","max-video-preview":"max-video-preview:-1"},"canonical":"https:\/\/efterklang.org\/sv\/ljud-och-akustik-i-skolmiljoer\/","og_locale":"sv_SE","og_type":"article","og_title":"Ljud och akustik i skolmilj\u00f6er","og_description":"P\u00e5 Efterklang skapar vi skolmilj\u00f6er som st\u00f6djer l\u00e4rande genom att kombinera akustisk expertis med smarta tekniska l\u00f6sningar.","og_url":"https:\/\/efterklang.org\/sv\/ljud-och-akustik-i-skolmiljoer\/","og_site_name":"Efterklang","article_published_time":"2025-02-03T14:49:10+00:00","article_modified_time":"2025-02-04T08:35:10+00:00","og_image":[{"width":769,"height":512,"url":"https:\/\/efterklang.org\/wp-content\/uploads\/2025\/02\/WEBSITE-news-27.png","type":"image\/png"}],"author":"Hilde Rosenberg Bulow","twitter_card":"summary_large_image","twitter_misc":{"Skriven av":"Hilde Rosenberg Bulow","Ber\u00e4knad l\u00e4stid":"4 minuter"},"schema":{"@context":"https:\/\/schema.org","@graph":[{"@type":"Article","@id":"https:\/\/efterklang.org\/sv\/ljud-och-akustik-i-skolmiljoer\/#article","isPartOf":{"@id":"https:\/\/efterklang.org\/sv\/ljud-och-akustik-i-skolmiljoer\/"},"author":{"name":"Hilde Rosenberg Bulow","@id":"https:\/\/efterklang.org\/#\/schema\/person\/d2fcbf1fd1aa8e6bee6414f67ec88ba3"},"headline":"Ljud och akustik i skolmilj\u00f6er","datePublished":"2025-02-03T14:49:10+00:00","dateModified":"2025-02-04T08:35:10+00:00","mainEntityOfPage":{"@id":"https:\/\/efterklang.org\/sv\/ljud-och-akustik-i-skolmiljoer\/"},"wordCount":800,"publisher":{"@id":"https:\/\/efterklang.org\/#organization"},"articleSection":["Insikter fr\u00e5n branschen"],"inLanguage":"sv-SE"},{"@type":"WebPage","@id":"https:\/\/efterklang.org\/sv\/ljud-och-akustik-i-skolmiljoer\/","url":"https:\/\/efterklang.org\/sv\/ljud-och-akustik-i-skolmiljoer\/","name":"Ljud och akustik i skolmilj\u00f6er","isPartOf":{"@id":"https:\/\/efterklang.org\/#website"},"datePublished":"2025-02-03T14:49:10+00:00","dateModified":"2025-02-04T08:35:10+00:00","description":"P\u00e5 Efterklang skapar vi skolmilj\u00f6er som st\u00f6djer l\u00e4rande genom att kombinera akustisk expertis med smarta tekniska l\u00f6sningar.","breadcrumb":{"@id":"https:\/\/efterklang.org\/sv\/ljud-och-akustik-i-skolmiljoer\/#breadcrumb"},"inLanguage":"sv-SE","potentialAction":[{"@type":"ReadAction","target":["https:\/\/efterklang.org\/sv\/ljud-och-akustik-i-skolmiljoer\/"]}]},{"@type":"BreadcrumbList","@id":"https:\/\/efterklang.org\/sv\/ljud-och-akustik-i-skolmiljoer\/#breadcrumb","itemListElement":[{"@type":"ListItem","position":1,"name":"Home","item":"https:\/\/efterklang.org\/sv\/"},{"@type":"ListItem","position":2,"name":"Ljud och akustik i skolmilj\u00f6er"}]},{"@type":"WebSite","@id":"https:\/\/efterklang.org\/#website","url":"https:\/\/efterklang.org\/","name":"Efterklang","description":"P\u00e5 Efterklang designar och s\u00e4krar vi ljudmilj\u00f6er.","publisher":{"@id":"https:\/\/efterklang.org\/#organization"},"potentialAction":[{"@type":"SearchAction","target":{"@type":"EntryPoint","urlTemplate":"https:\/\/efterklang.org\/?s={search_term_string}"},"query-input":"required name=search_term_string"}],"inLanguage":"sv-SE"},{"@type":"Organization","@id":"https:\/\/efterklang.org\/#organization","name":"Efterklang","url":"https:\/\/efterklang.org\/","logo":{"@type":"ImageObject","inLanguage":"sv-SE","@id":"https:\/\/efterklang.org\/#\/schema\/logo\/image\/","url":"https:\/\/efterklang.org\/wp-content\/uploads\/2021\/10\/Asset-25.svg","contentUrl":"https:\/\/efterklang.org\/wp-content\/uploads\/2021\/10\/Asset-25.svg","caption":"Efterklang"},"image":{"@id":"https:\/\/efterklang.org\/#\/schema\/logo\/image\/"}},{"@type":"Person","@id":"https:\/\/efterklang.org\/#\/schema\/person\/d2fcbf1fd1aa8e6bee6414f67ec88ba3","name":"Hilde Rosenberg Bulow","image":{"@type":"ImageObject","inLanguage":"sv-SE","@id":"https:\/\/efterklang.org\/#\/schema\/person\/image\/","url":"https:\/\/secure.gravatar.com\/avatar\/da8c6a28eb4c86a14fb46d50159a3046c90cd3fac77f99cbadda7c1087a80168?s=96&d=mm&r=g","contentUrl":"https:\/\/secure.gravatar.com\/avatar\/da8c6a28eb4c86a14fb46d50159a3046c90cd3fac77f99cbadda7c1087a80168?s=96&d=mm&r=g","caption":"Hilde Rosenberg Bulow"}}]}},"_links":{"self":[{"href":"https:\/\/efterklang.org\/sv\/wp-json\/wp\/v2\/posts\/14444","targetHints":{"allow":["GET"]}}],"collection":[{"href":"https:\/\/efterklang.org\/sv\/wp-json\/wp\/v2\/posts"}],"about":[{"href":"https:\/\/efterklang.org\/sv\/wp-json\/wp\/v2\/types\/post"}],"author":[{"embeddable":true,"href":"https:\/\/efterklang.org\/sv\/wp-json\/wp\/v2\/users\/6"}],"replies":[{"embeddable":true,"href":"https:\/\/efterklang.org\/sv\/wp-json\/wp\/v2\/comments?post=14444"}],"version-history":[{"count":10,"href":"https:\/\/efterklang.org\/sv\/wp-json\/wp\/v2\/posts\/14444\/revisions"}],"predecessor-version":[{"id":14465,"href":"https:\/\/efterklang.org\/sv\/wp-json\/wp\/v2\/posts\/14444\/revisions\/14465"}],"wp:featuredmedia":[{"embeddable":true,"href":"https:\/\/efterklang.org\/sv\/wp-json\/wp\/v2\/media\/14454"}],"wp:attachment":[{"href":"https:\/\/efterklang.org\/sv\/wp-json\/wp\/v2\/media?parent=14444"}],"wp:term":[{"taxonomy":"category","embeddable":true,"href":"https:\/\/efterklang.org\/sv\/wp-json\/wp\/v2\/categories?post=14444"},{"taxonomy":"post_tag","embeddable":true,"href":"https:\/\/efterklang.org\/sv\/wp-json\/wp\/v2\/tags?post=14444"},{"taxonomy":"project_category","embeddable":true,"href":"https:\/\/efterklang.org\/sv\/wp-json\/wp\/v2\/project_category?post=14444"}],"curies":[{"name":"wp","href":"https:\/\/api.w.org\/{rel}","templated":true}]}}