{"id":11327,"date":"2023-06-09T14:46:03","date_gmt":"2023-06-09T12:46:03","guid":{"rendered":"https:\/\/efterklang.org\/efterklang-staller-ut-pa-world-congress-on-timber-engineering-2023\/"},"modified":"2024-06-20T10:54:50","modified_gmt":"2024-06-20T08:54:50","slug":"efterklang-staller-ut-pa-world-congress-on-timber-engineering-2023","status":"publish","type":"post","link":"https:\/\/efterklang.org\/sv\/efterklang-staller-ut-pa-world-congress-on-timber-engineering-2023\/","title":{"rendered":"Efterklang st\u00e4ller ut p\u00e5 World Congress on Timber Engineering 2023"},"content":{"rendered":"<p><strong>Norge \u00e4r v\u00e4rdland f\u00f6r World Congress on Timber Engineering (WCTW) 2023. Under fyra dagar tr\u00e4ffas forskare, akademiker och f\u00f6retag fr\u00e5n hela v\u00e4rlden f\u00f6r att dela kunskap inom tr\u00e4byggande och h\u00e5llbarhet. Efterklang \u00e4r en av utst\u00e4llarna, och mellan 19 &#8211; 22 juni \u00e4r vi p\u00e5 plats i Oslo. I v\u00e5r monter kan du tr\u00e4ffa v\u00e5ra duktiga akustikkonsulter Andreas Colebring, Patrick Ford och Helena Rydland.<\/strong><\/p>\n<p>Det finns fortfarande omr\u00e5den inom den moderna tr\u00e4byggnadsindustrin som kr\u00e4ver ytterligare forskning, varav akustik \u00e4r ett s\u00e5dant omr\u00e5de. Under det senaste decenniet har det dock skett betydande framsteg i f\u00f6rst\u00e5elsen av akustik i tr\u00e4konstruktioner, vilket till stor del kan tillskrivas t\u00e4ta samarbeten mellan akustiskkonsulter och innovativa, modiga kunder.<\/p>\n<p>P\u00e5 Efterklang har vi omfattande kunskap inom projektering och verifiering av akustik f\u00f6r tr\u00e4konstruktioner. V\u00e5r erfarenhet har gett oss en djup f\u00f6rst\u00e5else f\u00f6r typiska utmaningar, men \u00e4ven god kunskap om effektiva l\u00f6sningar. Vi deltar p\u00e5 WCTE 2023 f\u00f6r att forts\u00e4tta skapa f\u00f6ruts\u00e4ttningar f\u00f6r tr\u00e4konstruktioner samt bidra till en mer h\u00e5llbar byggbransch.<\/p>\n<p>Mer information om WCTW p\u00e5 webbplatsen <a href=\"https:\/\/wcte2023.org\/\" target=\"_blank\" rel=\"noopener\">wcte2023.org<\/a><\/p>\n","protected":false},"excerpt":{"rendered":"<p>Norge \u00e4r v\u00e4rdland f\u00f6r World Congress on Timber Engineering (WCTW) 2023. Under fyra dagar tr\u00e4ffas forskare, akademiker och f\u00f6retag fr\u00e5n hela v\u00e4rlden f\u00f6r att dela kunskap inom tr\u00e4byggande och h\u00e5llbarhet. Efterklang \u00e4r en av utst\u00e4llarna, och mellan 19 &#8211; 22 juni \u00e4r vi p\u00e5 plats i Oslo. I v\u00e5r monter kan du tr\u00e4ffa v\u00e5ra duktiga [&hellip;]<\/p>\n","protected":false},"author":6,"featured_media":10423,"comment_status":"closed","ping_status":"closed","sticky":false,"template":"","format":"standard","meta":{"_acf_changed":false,"footnotes":""},"categories":[628],"tags":[],"project_category":[232],"class_list":["post-11327","post","type-post","status-publish","format-standard","has-post-thumbnail","hentry","category-nyheter-fran-efterklang","project_category-akustik"],"acf":[],"yoast_head":"<!-- This site is optimized with the Yoast SEO plugin v22.1 - https:\/\/yoast.com\/wordpress\/plugins\/seo\/ -->\n<title>Efterklang st\u00e4ller ut p\u00e5 World Congress on Timber Engineering 2023 - Efterklang<\/title>\n<meta name=\"description\" content=\"Under fyra dagar tr\u00e4ffas forskare, akademiker och f\u00f6retag fr\u00e5n hela v\u00e4rlden f\u00f6r att dela kunskap inom tr\u00e4byggande och h\u00e5llbarhet.\" \/>\n<meta name=\"robots\" content=\"index, follow, max-snippet:-1, max-image-preview:large, max-video-preview:-1\" \/>\n<link rel=\"canonical\" href=\"https:\/\/efterklang.org\/sv\/efterklang-staller-ut-pa-world-congress-on-timber-engineering-2023\/\" \/>\n<meta property=\"og:locale\" content=\"sv_SE\" \/>\n<meta property=\"og:type\" content=\"article\" \/>\n<meta property=\"og:title\" content=\"Efterklang st\u00e4ller ut p\u00e5 World Congress on Timber Engineering 2023 - Efterklang\" \/>\n<meta property=\"og:description\" content=\"Under fyra dagar tr\u00e4ffas forskare, akademiker och f\u00f6retag fr\u00e5n hela v\u00e4rlden f\u00f6r att dela kunskap inom tr\u00e4byggande och h\u00e5llbarhet.\" \/>\n<meta property=\"og:url\" content=\"https:\/\/efterklang.org\/sv\/efterklang-staller-ut-pa-world-congress-on-timber-engineering-2023\/\" \/>\n<meta property=\"og:site_name\" content=\"Efterklang\" \/>\n<meta property=\"article:published_time\" content=\"2023-06-09T12:46:03+00:00\" \/>\n<meta property=\"article:modified_time\" content=\"2024-06-20T08:54:50+00:00\" \/>\n<meta property=\"og:image\" content=\"https:\/\/efterklang.org\/wp-content\/uploads\/2023\/01\/Wood_Nature_GettyImages-new.jpg\" \/>\n\t<meta property=\"og:image:width\" content=\"1944\" \/>\n\t<meta property=\"og:image:height\" content=\"1296\" \/>\n\t<meta property=\"og:image:type\" content=\"image\/jpeg\" \/>\n<meta name=\"author\" content=\"Hilde Rosenberg Bulow\" \/>\n<meta name=\"twitter:card\" content=\"summary_large_image\" \/>\n<meta name=\"twitter:label1\" content=\"Skriven av\" \/>\n\t<meta name=\"twitter:data1\" content=\"Hilde Rosenberg Bulow\" \/>\n\t<meta name=\"twitter:label2\" content=\"Ber\u00e4knad l\u00e4stid\" \/>\n\t<meta name=\"twitter:data2\" content=\"1 minut\" \/>\n<script type=\"application\/ld+json\" class=\"yoast-schema-graph\">{\"@context\":\"https:\/\/schema.org\",\"@graph\":[{\"@type\":\"Article\",\"@id\":\"https:\/\/efterklang.org\/sv\/efterklang-staller-ut-pa-world-congress-on-timber-engineering-2023\/#article\",\"isPartOf\":{\"@id\":\"https:\/\/efterklang.org\/sv\/efterklang-staller-ut-pa-world-congress-on-timber-engineering-2023\/\"},\"author\":{\"name\":\"Hilde Rosenberg Bulow\",\"@id\":\"https:\/\/efterklang.org\/#\/schema\/person\/d2fcbf1fd1aa8e6bee6414f67ec88ba3\"},\"headline\":\"Efterklang st\u00e4ller ut p\u00e5 World Congress on Timber Engineering 2023\",\"datePublished\":\"2023-06-09T12:46:03+00:00\",\"dateModified\":\"2024-06-20T08:54:50+00:00\",\"mainEntityOfPage\":{\"@id\":\"https:\/\/efterklang.org\/sv\/efterklang-staller-ut-pa-world-congress-on-timber-engineering-2023\/\"},\"wordCount\":212,\"publisher\":{\"@id\":\"https:\/\/efterklang.org\/#organization\"},\"articleSection\":[\"Nyheter fr\u00e5n Efterklang\"],\"inLanguage\":\"sv-SE\"},{\"@type\":\"WebPage\",\"@id\":\"https:\/\/efterklang.org\/sv\/efterklang-staller-ut-pa-world-congress-on-timber-engineering-2023\/\",\"url\":\"https:\/\/efterklang.org\/sv\/efterklang-staller-ut-pa-world-congress-on-timber-engineering-2023\/\",\"name\":\"Efterklang st\u00e4ller ut p\u00e5 World Congress on Timber Engineering 2023 - Efterklang\",\"isPartOf\":{\"@id\":\"https:\/\/efterklang.org\/#website\"},\"datePublished\":\"2023-06-09T12:46:03+00:00\",\"dateModified\":\"2024-06-20T08:54:50+00:00\",\"description\":\"Under fyra dagar tr\u00e4ffas forskare, akademiker och f\u00f6retag fr\u00e5n hela v\u00e4rlden f\u00f6r att dela kunskap inom tr\u00e4byggande och h\u00e5llbarhet.\",\"breadcrumb\":{\"@id\":\"https:\/\/efterklang.org\/sv\/efterklang-staller-ut-pa-world-congress-on-timber-engineering-2023\/#breadcrumb\"},\"inLanguage\":\"sv-SE\",\"potentialAction\":[{\"@type\":\"ReadAction\",\"target\":[\"https:\/\/efterklang.org\/sv\/efterklang-staller-ut-pa-world-congress-on-timber-engineering-2023\/\"]}]},{\"@type\":\"BreadcrumbList\",\"@id\":\"https:\/\/efterklang.org\/sv\/efterklang-staller-ut-pa-world-congress-on-timber-engineering-2023\/#breadcrumb\",\"itemListElement\":[{\"@type\":\"ListItem\",\"position\":1,\"name\":\"Home\",\"item\":\"https:\/\/efterklang.org\/sv\/\"},{\"@type\":\"ListItem\",\"position\":2,\"name\":\"Efterklang st\u00e4ller ut p\u00e5 World Congress on Timber Engineering 2023\"}]},{\"@type\":\"WebSite\",\"@id\":\"https:\/\/efterklang.org\/#website\",\"url\":\"https:\/\/efterklang.org\/\",\"name\":\"Efterklang\",\"description\":\"P\u00e5 Efterklang designar och s\u00e4krar vi ljudmilj\u00f6er.\",\"publisher\":{\"@id\":\"https:\/\/efterklang.org\/#organization\"},\"potentialAction\":[{\"@type\":\"SearchAction\",\"target\":{\"@type\":\"EntryPoint\",\"urlTemplate\":\"https:\/\/efterklang.org\/?s={search_term_string}\"},\"query-input\":\"required name=search_term_string\"}],\"inLanguage\":\"sv-SE\"},{\"@type\":\"Organization\",\"@id\":\"https:\/\/efterklang.org\/#organization\",\"name\":\"Efterklang\",\"url\":\"https:\/\/efterklang.org\/\",\"logo\":{\"@type\":\"ImageObject\",\"inLanguage\":\"sv-SE\",\"@id\":\"https:\/\/efterklang.org\/#\/schema\/logo\/image\/\",\"url\":\"https:\/\/efterklang.org\/wp-content\/uploads\/2021\/10\/Asset-25.svg\",\"contentUrl\":\"https:\/\/efterklang.org\/wp-content\/uploads\/2021\/10\/Asset-25.svg\",\"caption\":\"Efterklang\"},\"image\":{\"@id\":\"https:\/\/efterklang.org\/#\/schema\/logo\/image\/\"}},{\"@type\":\"Person\",\"@id\":\"https:\/\/efterklang.org\/#\/schema\/person\/d2fcbf1fd1aa8e6bee6414f67ec88ba3\",\"name\":\"Hilde Rosenberg Bulow\",\"image\":{\"@type\":\"ImageObject\",\"inLanguage\":\"sv-SE\",\"@id\":\"https:\/\/efterklang.org\/#\/schema\/person\/image\/\",\"url\":\"https:\/\/secure.gravatar.com\/avatar\/da8c6a28eb4c86a14fb46d50159a3046c90cd3fac77f99cbadda7c1087a80168?s=96&d=mm&r=g\",\"contentUrl\":\"https:\/\/secure.gravatar.com\/avatar\/da8c6a28eb4c86a14fb46d50159a3046c90cd3fac77f99cbadda7c1087a80168?s=96&d=mm&r=g\",\"caption\":\"Hilde Rosenberg Bulow\"}}]}<\/script>\n<!-- \/ Yoast SEO plugin. -->","yoast_head_json":{"title":"Efterklang st\u00e4ller ut p\u00e5 World Congress on Timber Engineering 2023 - Efterklang","description":"Under fyra dagar tr\u00e4ffas forskare, akademiker och f\u00f6retag fr\u00e5n hela v\u00e4rlden f\u00f6r att dela kunskap inom tr\u00e4byggande och h\u00e5llbarhet.","robots":{"index":"index","follow":"follow","max-snippet":"max-snippet:-1","max-image-preview":"max-image-preview:large","max-video-preview":"max-video-preview:-1"},"canonical":"https:\/\/efterklang.org\/sv\/efterklang-staller-ut-pa-world-congress-on-timber-engineering-2023\/","og_locale":"sv_SE","og_type":"article","og_title":"Efterklang st\u00e4ller ut p\u00e5 World Congress on Timber Engineering 2023 - Efterklang","og_description":"Under fyra dagar tr\u00e4ffas forskare, akademiker och f\u00f6retag fr\u00e5n hela v\u00e4rlden f\u00f6r att dela kunskap inom tr\u00e4byggande och h\u00e5llbarhet.","og_url":"https:\/\/efterklang.org\/sv\/efterklang-staller-ut-pa-world-congress-on-timber-engineering-2023\/","og_site_name":"Efterklang","article_published_time":"2023-06-09T12:46:03+00:00","article_modified_time":"2024-06-20T08:54:50+00:00","og_image":[{"width":1944,"height":1296,"url":"https:\/\/efterklang.org\/wp-content\/uploads\/2023\/01\/Wood_Nature_GettyImages-new.jpg","type":"image\/jpeg"}],"author":"Hilde Rosenberg Bulow","twitter_card":"summary_large_image","twitter_misc":{"Skriven av":"Hilde Rosenberg Bulow","Ber\u00e4knad l\u00e4stid":"1 minut"},"schema":{"@context":"https:\/\/schema.org","@graph":[{"@type":"Article","@id":"https:\/\/efterklang.org\/sv\/efterklang-staller-ut-pa-world-congress-on-timber-engineering-2023\/#article","isPartOf":{"@id":"https:\/\/efterklang.org\/sv\/efterklang-staller-ut-pa-world-congress-on-timber-engineering-2023\/"},"author":{"name":"Hilde Rosenberg Bulow","@id":"https:\/\/efterklang.org\/#\/schema\/person\/d2fcbf1fd1aa8e6bee6414f67ec88ba3"},"headline":"Efterklang st\u00e4ller ut p\u00e5 World Congress on Timber Engineering 2023","datePublished":"2023-06-09T12:46:03+00:00","dateModified":"2024-06-20T08:54:50+00:00","mainEntityOfPage":{"@id":"https:\/\/efterklang.org\/sv\/efterklang-staller-ut-pa-world-congress-on-timber-engineering-2023\/"},"wordCount":212,"publisher":{"@id":"https:\/\/efterklang.org\/#organization"},"articleSection":["Nyheter fr\u00e5n Efterklang"],"inLanguage":"sv-SE"},{"@type":"WebPage","@id":"https:\/\/efterklang.org\/sv\/efterklang-staller-ut-pa-world-congress-on-timber-engineering-2023\/","url":"https:\/\/efterklang.org\/sv\/efterklang-staller-ut-pa-world-congress-on-timber-engineering-2023\/","name":"Efterklang st\u00e4ller ut p\u00e5 World Congress on Timber Engineering 2023 - Efterklang","isPartOf":{"@id":"https:\/\/efterklang.org\/#website"},"datePublished":"2023-06-09T12:46:03+00:00","dateModified":"2024-06-20T08:54:50+00:00","description":"Under fyra dagar tr\u00e4ffas forskare, akademiker och f\u00f6retag fr\u00e5n hela v\u00e4rlden f\u00f6r att dela kunskap inom tr\u00e4byggande och h\u00e5llbarhet.","breadcrumb":{"@id":"https:\/\/efterklang.org\/sv\/efterklang-staller-ut-pa-world-congress-on-timber-engineering-2023\/#breadcrumb"},"inLanguage":"sv-SE","potentialAction":[{"@type":"ReadAction","target":["https:\/\/efterklang.org\/sv\/efterklang-staller-ut-pa-world-congress-on-timber-engineering-2023\/"]}]},{"@type":"BreadcrumbList","@id":"https:\/\/efterklang.org\/sv\/efterklang-staller-ut-pa-world-congress-on-timber-engineering-2023\/#breadcrumb","itemListElement":[{"@type":"ListItem","position":1,"name":"Home","item":"https:\/\/efterklang.org\/sv\/"},{"@type":"ListItem","position":2,"name":"Efterklang st\u00e4ller ut p\u00e5 World Congress on Timber Engineering 2023"}]},{"@type":"WebSite","@id":"https:\/\/efterklang.org\/#website","url":"https:\/\/efterklang.org\/","name":"Efterklang","description":"P\u00e5 Efterklang designar och s\u00e4krar vi ljudmilj\u00f6er.","publisher":{"@id":"https:\/\/efterklang.org\/#organization"},"potentialAction":[{"@type":"SearchAction","target":{"@type":"EntryPoint","urlTemplate":"https:\/\/efterklang.org\/?s={search_term_string}"},"query-input":"required name=search_term_string"}],"inLanguage":"sv-SE"},{"@type":"Organization","@id":"https:\/\/efterklang.org\/#organization","name":"Efterklang","url":"https:\/\/efterklang.org\/","logo":{"@type":"ImageObject","inLanguage":"sv-SE","@id":"https:\/\/efterklang.org\/#\/schema\/logo\/image\/","url":"https:\/\/efterklang.org\/wp-content\/uploads\/2021\/10\/Asset-25.svg","contentUrl":"https:\/\/efterklang.org\/wp-content\/uploads\/2021\/10\/Asset-25.svg","caption":"Efterklang"},"image":{"@id":"https:\/\/efterklang.org\/#\/schema\/logo\/image\/"}},{"@type":"Person","@id":"https:\/\/efterklang.org\/#\/schema\/person\/d2fcbf1fd1aa8e6bee6414f67ec88ba3","name":"Hilde Rosenberg Bulow","image":{"@type":"ImageObject","inLanguage":"sv-SE","@id":"https:\/\/efterklang.org\/#\/schema\/person\/image\/","url":"https:\/\/secure.gravatar.com\/avatar\/da8c6a28eb4c86a14fb46d50159a3046c90cd3fac77f99cbadda7c1087a80168?s=96&d=mm&r=g","contentUrl":"https:\/\/secure.gravatar.com\/avatar\/da8c6a28eb4c86a14fb46d50159a3046c90cd3fac77f99cbadda7c1087a80168?s=96&d=mm&r=g","caption":"Hilde Rosenberg Bulow"}}]}},"_links":{"self":[{"href":"https:\/\/efterklang.org\/sv\/wp-json\/wp\/v2\/posts\/11327","targetHints":{"allow":["GET"]}}],"collection":[{"href":"https:\/\/efterklang.org\/sv\/wp-json\/wp\/v2\/posts"}],"about":[{"href":"https:\/\/efterklang.org\/sv\/wp-json\/wp\/v2\/types\/post"}],"author":[{"embeddable":true,"href":"https:\/\/efterklang.org\/sv\/wp-json\/wp\/v2\/users\/6"}],"replies":[{"embeddable":true,"href":"https:\/\/efterklang.org\/sv\/wp-json\/wp\/v2\/comments?post=11327"}],"version-history":[{"count":2,"href":"https:\/\/efterklang.org\/sv\/wp-json\/wp\/v2\/posts\/11327\/revisions"}],"predecessor-version":[{"id":11329,"href":"https:\/\/efterklang.org\/sv\/wp-json\/wp\/v2\/posts\/11327\/revisions\/11329"}],"wp:featuredmedia":[{"embeddable":true,"href":"https:\/\/efterklang.org\/sv\/wp-json\/wp\/v2\/media\/10423"}],"wp:attachment":[{"href":"https:\/\/efterklang.org\/sv\/wp-json\/wp\/v2\/media?parent=11327"}],"wp:term":[{"taxonomy":"category","embeddable":true,"href":"https:\/\/efterklang.org\/sv\/wp-json\/wp\/v2\/categories?post=11327"},{"taxonomy":"post_tag","embeddable":true,"href":"https:\/\/efterklang.org\/sv\/wp-json\/wp\/v2\/tags?post=11327"},{"taxonomy":"project_category","embeddable":true,"href":"https:\/\/efterklang.org\/sv\/wp-json\/wp\/v2\/project_category?post=11327"}],"curies":[{"name":"wp","href":"https:\/\/api.w.org\/{rel}","templated":true}]}}