{"id":10047,"date":"2022-12-13T10:20:01","date_gmt":"2022-12-13T09:20:01","guid":{"rendered":"https:\/\/efterklang.org\/?p=10047"},"modified":"2022-12-13T10:20:01","modified_gmt":"2022-12-13T09:20:01","slug":"fra-kakofoni-til-harmoni","status":"publish","type":"post","link":"https:\/\/efterklang.org\/no\/fra-kakofoni-til-harmoni\/","title":{"rendered":"Fra kakofoni til harmoni"},"content":{"rendered":"<p><strong>Lyd er f\u00f8lelser.<\/strong><br \/>\n<strong>Lyd er fysikk.<\/strong><br \/>\n<strong>I Efterklang har vi en holistisk tiln\u00e6rming til lyd \u2013 med b\u00e5de fornuft og f\u00f8lelser.<\/strong><\/p>\n<p>Det urbane lydmilj\u00f8et kan minne mye om en musikalsk komposisjon, der ulike lyder og lydkilder til sammen utgj\u00f8r et musikalsk ensemble. Men det er et problem! I motsetning til et musikkensemble, er ikke byens lydbilde harmonisk. I stedet er det ett instrument, \u00e9n lydkilde, som dominerer.<\/p>\n<p>Biler og kj\u00f8ret\u00f8y er ofte soloartisten som overd\u00f8ver andre urbane lyder med trafikkst\u00f8y. Men hva om vi kunne endre det? Hva om vi kunne tenke annerledes innenfor byplanlegging og lyd, der vi bevarer og fremhever lyder som skaper trivsel og demper st\u00f8y.<\/p>\n<p>V\u00e5r visjon er \u00e5 &#8216;tune the world&#8217; og det starter med \u00e5 designe milj\u00f8er der u\u00f8nskede lyder dempes og rom skapes for at andre lyder kan ta plass. Vi tar p\u00e5 oss denne oppgaven med b\u00e5de fornuft og f\u00f8lelser.<\/p>\n<div class=\"container-lazyload container-vimeo js-lazyload--not-loaded\"><a href=\"https:\/\/vimeo.com\/780652395\/d3ed2b991b\" id=\"780652395\" class=\"lazy-load-vimeo preview-lazyload preview-vimeo\" data-video-uri=\"\/videos\/780652395:d3ed2b991b\" data-video-thumbnail=\"https:\/\/i.vimeocdn.com\/video\/1567011111-cc6c9c3f8c7fba188804ed181e6d1b4c996a6d73c922d5aa133e8bf3472d58d2-d_295x166\" data-video-title=\"Efterklang - What if\" title=\"Play video &quot;Efterklang - What if&quot;\">https:\/\/vimeo.com\/780652395\/d3ed2b991b<\/a><noscript>Video can&#8217;t be loaded because JavaScript is disabled: <a href=\"https:\/\/vimeo.com\/780652395\/d3ed2b991b\" title=\"Efterklang - What if\">Efterklang &#8211; What if (https:\/\/vimeo.com\/780652395\/d3ed2b991b)<\/a><\/noscript><\/div>\n","protected":false},"excerpt":{"rendered":"<p>Lyd er f\u00f8lelser. Lyd er fysikk. I Efterklang har vi en holistisk tiln\u00e6rming til lyd \u2013 med b\u00e5de fornuft og f\u00f8lelser. Det urbane lydmilj\u00f8et kan minne mye om en musikalsk komposisjon, der ulike lyder og lydkilder til sammen utgj\u00f8r et musikalsk ensemble. Men det er et problem! I motsetning til et musikkensemble, er ikke byens [&hellip;]<\/p>\n","protected":false},"author":6,"featured_media":10003,"comment_status":"closed","ping_status":"closed","sticky":false,"template":"","format":"standard","meta":{"_acf_changed":false,"footnotes":""},"categories":[22],"tags":[],"project_category":[236,234],"class_list":["post-10047","post","type-post","status-publish","format-standard","has-post-thumbnail","hentry","category-nyheter-fra-efterklang","project_category-lyddesign","project_category-stoy"],"acf":[],"yoast_head":"<!-- This site is optimized with the Yoast SEO plugin v22.1 - https:\/\/yoast.com\/wordpress\/plugins\/seo\/ -->\n<title>Fra kakofoni til harmoni - Efterklang<\/title>\n<meta name=\"description\" content=\"V\u00e5r visjon er \u00e5 &#039;tune the world&#039; og det starter med \u00e5 designe milj\u00f8er der u\u00f8nskede lyder dempes og rom skapes for at andre lyder kan ta plass.\" \/>\n<meta name=\"robots\" content=\"index, follow, max-snippet:-1, max-image-preview:large, max-video-preview:-1\" \/>\n<link rel=\"canonical\" href=\"https:\/\/efterklang.org\/no\/fra-kakofoni-til-harmoni\/\" \/>\n<meta property=\"og:locale\" content=\"nb_NO\" \/>\n<meta property=\"og:type\" content=\"article\" \/>\n<meta property=\"og:title\" content=\"Fra kakofoni til harmoni - Efterklang\" \/>\n<meta property=\"og:description\" content=\"V\u00e5r visjon er \u00e5 &#039;tune the world&#039; og det starter med \u00e5 designe milj\u00f8er der u\u00f8nskede lyder dempes og rom skapes for at andre lyder kan ta plass.\" \/>\n<meta property=\"og:url\" content=\"https:\/\/efterklang.org\/no\/fra-kakofoni-til-harmoni\/\" \/>\n<meta property=\"og:site_name\" content=\"Efterklang\" \/>\n<meta property=\"article:published_time\" content=\"2022-12-13T09:20:01+00:00\" \/>\n<meta property=\"og:image\" content=\"https:\/\/efterklang.org\/wp-content\/uploads\/2022\/12\/220520-Efterklang-Press-8web.jpg\" \/>\n\t<meta property=\"og:image:width\" content=\"1000\" \/>\n\t<meta property=\"og:image:height\" content=\"665\" \/>\n\t<meta property=\"og:image:type\" content=\"image\/jpeg\" \/>\n<meta name=\"author\" content=\"Hilde Rosenberg Bulow\" \/>\n<meta name=\"twitter:card\" content=\"summary_large_image\" \/>\n<meta name=\"twitter:label1\" content=\"Skrevet av\" \/>\n\t<meta name=\"twitter:data1\" content=\"Hilde Rosenberg Bulow\" \/>\n\t<meta name=\"twitter:label2\" content=\"Ansl. lesetid\" \/>\n\t<meta name=\"twitter:data2\" content=\"1 minutt\" \/>\n<script type=\"application\/ld+json\" class=\"yoast-schema-graph\">{\"@context\":\"https:\/\/schema.org\",\"@graph\":[{\"@type\":\"Article\",\"@id\":\"https:\/\/efterklang.org\/no\/fra-kakofoni-til-harmoni\/#article\",\"isPartOf\":{\"@id\":\"https:\/\/efterklang.org\/no\/fra-kakofoni-til-harmoni\/\"},\"author\":{\"name\":\"Hilde Rosenberg Bulow\",\"@id\":\"https:\/\/efterklang.org\/#\/schema\/person\/d2fcbf1fd1aa8e6bee6414f67ec88ba3\"},\"headline\":\"Fra kakofoni til harmoni\",\"datePublished\":\"2022-12-13T09:20:01+00:00\",\"dateModified\":\"2022-12-13T09:20:01+00:00\",\"mainEntityOfPage\":{\"@id\":\"https:\/\/efterklang.org\/no\/fra-kakofoni-til-harmoni\/\"},\"wordCount\":174,\"publisher\":{\"@id\":\"https:\/\/efterklang.org\/#organization\"},\"articleSection\":[\"Nyheter fra Efterklang\"],\"inLanguage\":\"nb-NO\"},{\"@type\":\"WebPage\",\"@id\":\"https:\/\/efterklang.org\/no\/fra-kakofoni-til-harmoni\/\",\"url\":\"https:\/\/efterklang.org\/no\/fra-kakofoni-til-harmoni\/\",\"name\":\"Fra kakofoni til harmoni - Efterklang\",\"isPartOf\":{\"@id\":\"https:\/\/efterklang.org\/#website\"},\"datePublished\":\"2022-12-13T09:20:01+00:00\",\"dateModified\":\"2022-12-13T09:20:01+00:00\",\"description\":\"V\u00e5r visjon er \u00e5 'tune the world' og det starter med \u00e5 designe milj\u00f8er der u\u00f8nskede lyder dempes og rom skapes for at andre lyder kan ta plass.\",\"breadcrumb\":{\"@id\":\"https:\/\/efterklang.org\/no\/fra-kakofoni-til-harmoni\/#breadcrumb\"},\"inLanguage\":\"nb-NO\",\"potentialAction\":[{\"@type\":\"ReadAction\",\"target\":[\"https:\/\/efterklang.org\/no\/fra-kakofoni-til-harmoni\/\"]}]},{\"@type\":\"BreadcrumbList\",\"@id\":\"https:\/\/efterklang.org\/no\/fra-kakofoni-til-harmoni\/#breadcrumb\",\"itemListElement\":[{\"@type\":\"ListItem\",\"position\":1,\"name\":\"Home\",\"item\":\"https:\/\/efterklang.org\/no\/\"},{\"@type\":\"ListItem\",\"position\":2,\"name\":\"Fra kakofoni til harmoni\"}]},{\"@type\":\"WebSite\",\"@id\":\"https:\/\/efterklang.org\/#website\",\"url\":\"https:\/\/efterklang.org\/\",\"name\":\"Efterklang\",\"description\":\"Site by basta-kompisar\",\"publisher\":{\"@id\":\"https:\/\/efterklang.org\/#organization\"},\"potentialAction\":[{\"@type\":\"SearchAction\",\"target\":{\"@type\":\"EntryPoint\",\"urlTemplate\":\"https:\/\/efterklang.org\/?s={search_term_string}\"},\"query-input\":\"required name=search_term_string\"}],\"inLanguage\":\"nb-NO\"},{\"@type\":\"Organization\",\"@id\":\"https:\/\/efterklang.org\/#organization\",\"name\":\"Efterklang\",\"url\":\"https:\/\/efterklang.org\/\",\"logo\":{\"@type\":\"ImageObject\",\"inLanguage\":\"nb-NO\",\"@id\":\"https:\/\/efterklang.org\/#\/schema\/logo\/image\/\",\"url\":\"https:\/\/efterklang.org\/wp-content\/uploads\/2021\/10\/Asset-25.svg\",\"contentUrl\":\"https:\/\/efterklang.org\/wp-content\/uploads\/2021\/10\/Asset-25.svg\",\"caption\":\"Efterklang\"},\"image\":{\"@id\":\"https:\/\/efterklang.org\/#\/schema\/logo\/image\/\"}},{\"@type\":\"Person\",\"@id\":\"https:\/\/efterklang.org\/#\/schema\/person\/d2fcbf1fd1aa8e6bee6414f67ec88ba3\",\"name\":\"Hilde Rosenberg Bulow\",\"image\":{\"@type\":\"ImageObject\",\"inLanguage\":\"nb-NO\",\"@id\":\"https:\/\/efterklang.org\/#\/schema\/person\/image\/\",\"url\":\"https:\/\/secure.gravatar.com\/avatar\/da8c6a28eb4c86a14fb46d50159a3046c90cd3fac77f99cbadda7c1087a80168?s=96&d=mm&r=g\",\"contentUrl\":\"https:\/\/secure.gravatar.com\/avatar\/da8c6a28eb4c86a14fb46d50159a3046c90cd3fac77f99cbadda7c1087a80168?s=96&d=mm&r=g\",\"caption\":\"Hilde Rosenberg Bulow\"}}]}<\/script>\n<!-- \/ Yoast SEO plugin. -->","yoast_head_json":{"title":"Fra kakofoni til harmoni - Efterklang","description":"V\u00e5r visjon er \u00e5 'tune the world' og det starter med \u00e5 designe milj\u00f8er der u\u00f8nskede lyder dempes og rom skapes for at andre lyder kan ta plass.","robots":{"index":"index","follow":"follow","max-snippet":"max-snippet:-1","max-image-preview":"max-image-preview:large","max-video-preview":"max-video-preview:-1"},"canonical":"https:\/\/efterklang.org\/no\/fra-kakofoni-til-harmoni\/","og_locale":"nb_NO","og_type":"article","og_title":"Fra kakofoni til harmoni - Efterklang","og_description":"V\u00e5r visjon er \u00e5 'tune the world' og det starter med \u00e5 designe milj\u00f8er der u\u00f8nskede lyder dempes og rom skapes for at andre lyder kan ta plass.","og_url":"https:\/\/efterklang.org\/no\/fra-kakofoni-til-harmoni\/","og_site_name":"Efterklang","article_published_time":"2022-12-13T09:20:01+00:00","og_image":[{"width":1000,"height":665,"url":"https:\/\/efterklang.org\/wp-content\/uploads\/2022\/12\/220520-Efterklang-Press-8web.jpg","type":"image\/jpeg"}],"author":"Hilde Rosenberg Bulow","twitter_card":"summary_large_image","twitter_misc":{"Skrevet av":"Hilde Rosenberg Bulow","Ansl. lesetid":"1 minutt"},"schema":{"@context":"https:\/\/schema.org","@graph":[{"@type":"Article","@id":"https:\/\/efterklang.org\/no\/fra-kakofoni-til-harmoni\/#article","isPartOf":{"@id":"https:\/\/efterklang.org\/no\/fra-kakofoni-til-harmoni\/"},"author":{"name":"Hilde Rosenberg Bulow","@id":"https:\/\/efterklang.org\/#\/schema\/person\/d2fcbf1fd1aa8e6bee6414f67ec88ba3"},"headline":"Fra kakofoni til harmoni","datePublished":"2022-12-13T09:20:01+00:00","dateModified":"2022-12-13T09:20:01+00:00","mainEntityOfPage":{"@id":"https:\/\/efterklang.org\/no\/fra-kakofoni-til-harmoni\/"},"wordCount":174,"publisher":{"@id":"https:\/\/efterklang.org\/#organization"},"articleSection":["Nyheter fra Efterklang"],"inLanguage":"nb-NO"},{"@type":"WebPage","@id":"https:\/\/efterklang.org\/no\/fra-kakofoni-til-harmoni\/","url":"https:\/\/efterklang.org\/no\/fra-kakofoni-til-harmoni\/","name":"Fra kakofoni til harmoni - Efterklang","isPartOf":{"@id":"https:\/\/efterklang.org\/#website"},"datePublished":"2022-12-13T09:20:01+00:00","dateModified":"2022-12-13T09:20:01+00:00","description":"V\u00e5r visjon er \u00e5 'tune the world' og det starter med \u00e5 designe milj\u00f8er der u\u00f8nskede lyder dempes og rom skapes for at andre lyder kan ta plass.","breadcrumb":{"@id":"https:\/\/efterklang.org\/no\/fra-kakofoni-til-harmoni\/#breadcrumb"},"inLanguage":"nb-NO","potentialAction":[{"@type":"ReadAction","target":["https:\/\/efterklang.org\/no\/fra-kakofoni-til-harmoni\/"]}]},{"@type":"BreadcrumbList","@id":"https:\/\/efterklang.org\/no\/fra-kakofoni-til-harmoni\/#breadcrumb","itemListElement":[{"@type":"ListItem","position":1,"name":"Home","item":"https:\/\/efterklang.org\/no\/"},{"@type":"ListItem","position":2,"name":"Fra kakofoni til harmoni"}]},{"@type":"WebSite","@id":"https:\/\/efterklang.org\/#website","url":"https:\/\/efterklang.org\/","name":"Efterklang","description":"Site by basta-kompisar","publisher":{"@id":"https:\/\/efterklang.org\/#organization"},"potentialAction":[{"@type":"SearchAction","target":{"@type":"EntryPoint","urlTemplate":"https:\/\/efterklang.org\/?s={search_term_string}"},"query-input":"required name=search_term_string"}],"inLanguage":"nb-NO"},{"@type":"Organization","@id":"https:\/\/efterklang.org\/#organization","name":"Efterklang","url":"https:\/\/efterklang.org\/","logo":{"@type":"ImageObject","inLanguage":"nb-NO","@id":"https:\/\/efterklang.org\/#\/schema\/logo\/image\/","url":"https:\/\/efterklang.org\/wp-content\/uploads\/2021\/10\/Asset-25.svg","contentUrl":"https:\/\/efterklang.org\/wp-content\/uploads\/2021\/10\/Asset-25.svg","caption":"Efterklang"},"image":{"@id":"https:\/\/efterklang.org\/#\/schema\/logo\/image\/"}},{"@type":"Person","@id":"https:\/\/efterklang.org\/#\/schema\/person\/d2fcbf1fd1aa8e6bee6414f67ec88ba3","name":"Hilde Rosenberg Bulow","image":{"@type":"ImageObject","inLanguage":"nb-NO","@id":"https:\/\/efterklang.org\/#\/schema\/person\/image\/","url":"https:\/\/secure.gravatar.com\/avatar\/da8c6a28eb4c86a14fb46d50159a3046c90cd3fac77f99cbadda7c1087a80168?s=96&d=mm&r=g","contentUrl":"https:\/\/secure.gravatar.com\/avatar\/da8c6a28eb4c86a14fb46d50159a3046c90cd3fac77f99cbadda7c1087a80168?s=96&d=mm&r=g","caption":"Hilde Rosenberg Bulow"}}]}},"_links":{"self":[{"href":"https:\/\/efterklang.org\/no\/wp-json\/wp\/v2\/posts\/10047","targetHints":{"allow":["GET"]}}],"collection":[{"href":"https:\/\/efterklang.org\/no\/wp-json\/wp\/v2\/posts"}],"about":[{"href":"https:\/\/efterklang.org\/no\/wp-json\/wp\/v2\/types\/post"}],"author":[{"embeddable":true,"href":"https:\/\/efterklang.org\/no\/wp-json\/wp\/v2\/users\/6"}],"replies":[{"embeddable":true,"href":"https:\/\/efterklang.org\/no\/wp-json\/wp\/v2\/comments?post=10047"}],"version-history":[{"count":3,"href":"https:\/\/efterklang.org\/no\/wp-json\/wp\/v2\/posts\/10047\/revisions"}],"predecessor-version":[{"id":10086,"href":"https:\/\/efterklang.org\/no\/wp-json\/wp\/v2\/posts\/10047\/revisions\/10086"}],"wp:featuredmedia":[{"embeddable":true,"href":"https:\/\/efterklang.org\/no\/wp-json\/wp\/v2\/media\/10003"}],"wp:attachment":[{"href":"https:\/\/efterklang.org\/no\/wp-json\/wp\/v2\/media?parent=10047"}],"wp:term":[{"taxonomy":"category","embeddable":true,"href":"https:\/\/efterklang.org\/no\/wp-json\/wp\/v2\/categories?post=10047"},{"taxonomy":"post_tag","embeddable":true,"href":"https:\/\/efterklang.org\/no\/wp-json\/wp\/v2\/tags?post=10047"},{"taxonomy":"project_category","embeddable":true,"href":"https:\/\/efterklang.org\/no\/wp-json\/wp\/v2\/project_category?post=10047"}],"curies":[{"name":"wp","href":"https:\/\/api.w.org\/{rel}","templated":true}]}}