{"id":10006,"date":"2022-12-13T10:19:33","date_gmt":"2022-12-13T09:19:33","guid":{"rendered":"https:\/\/efterklang.org\/?p=10006"},"modified":"2022-12-13T10:19:33","modified_gmt":"2022-12-13T09:19:33","slug":"melusta-miellyttaviin-aaniin","status":"publish","type":"post","link":"https:\/\/efterklang.org\/fi\/melusta-miellyttaviin-aaniin\/","title":{"rendered":"Melusta miellytt\u00e4viin \u00e4\u00e4niin"},"content":{"rendered":"<p><strong>\u00c4\u00e4ni on tunteita.<\/strong><br \/>\n<strong>\u00c4\u00e4ni on fysiikkaa.<\/strong><br \/>\n<strong>Me Efterklangilla l\u00e4hestymme \u00e4\u00e4nt\u00e4 kokonaisvaltaisesti &#8211; j\u00e4rjell\u00e4 ja tunteella.<\/strong><\/p>\n<p>Kaupungin \u00e4\u00e4nimaailma muistuttaa s\u00e4vellyst\u00e4, jossa erilaiset \u00e4\u00e4nen l\u00e4hteet nivoutuvat yhdeksi kokonaisuudeksi. P\u00e4invastoin kuin s\u00e4vellyksess\u00e4, kaupungin \u00e4\u00e4nimaailma ei kuitenkaan kuulosta harmoniselta, vaan jokin instrumentti tai \u00e4\u00e4nen l\u00e4hde hallitsee.<\/p>\n<p>Autot ja ajoneuvot ovat kaupungissa usein sooloesiintyji\u00e4, jotka j\u00e4tt\u00e4v\u00e4t liikenteen melun alle muut kaupungin \u00e4\u00e4net. Mit\u00e4 jos voisimme muuttaa t\u00e4m\u00e4n asetelman? Mit\u00e4 jos kaupunki olisikin \u00e4\u00e4ni\u00e4, jotka olisi suunniteltu niin, ett\u00e4 hyvinvointia luotavat \u00e4\u00e4net s\u00e4ilyisiv\u00e4t ja korostuisivat?<\/p>\n<p>Visiomme on \u201dTune the world\u201d. Se alkaa suunnittelemalla sellaisia \u00e4\u00e4niymp\u00e4rist\u00f6j\u00e4, joissa ei-toivottuja \u00e4\u00e4ni\u00e4 h\u00e4ivytet\u00e4\u00e4n, jotta muille \u00e4\u00e4nille j\u00e4\u00e4 tilaa tulla kuulluiksi. Me l\u00e4hestymme t\u00e4t\u00e4 visiota kokonaisvaltaisesti &#8211; j\u00e4rjell\u00e4 ja tunteella.<\/p>\n<div class=\"container-lazyload container-vimeo js-lazyload--not-loaded\"><a href=\"https:\/\/vimeo.com\/780652395\/d3ed2b991b\" id=\"780652395\" class=\"lazy-load-vimeo preview-lazyload preview-vimeo\" data-video-uri=\"\/videos\/780652395:d3ed2b991b\" data-video-thumbnail=\"https:\/\/i.vimeocdn.com\/video\/1567011111-cc6c9c3f8c7fba188804ed181e6d1b4c996a6d73c922d5aa133e8bf3472d58d2-d_295x166\" data-video-title=\"Efterklang - What if\" title=\"Play video &quot;Efterklang - What if&quot;\">https:\/\/vimeo.com\/780652395\/d3ed2b991b<\/a><noscript>Video can&#8217;t be loaded because JavaScript is disabled: <a href=\"https:\/\/vimeo.com\/780652395\/d3ed2b991b\" title=\"Efterklang - What if\">Efterklang &#8211; What if (https:\/\/vimeo.com\/780652395\/d3ed2b991b)<\/a><\/noscript><\/div>\n","protected":false},"excerpt":{"rendered":"<p>\u00c4\u00e4ni on tunteita. \u00c4\u00e4ni on fysiikkaa. Me Efterklangilla l\u00e4hestymme \u00e4\u00e4nt\u00e4 kokonaisvaltaisesti &#8211; j\u00e4rjell\u00e4 ja tunteella. Kaupungin \u00e4\u00e4nimaailma muistuttaa s\u00e4vellyst\u00e4, jossa erilaiset \u00e4\u00e4nen l\u00e4hteet nivoutuvat yhdeksi kokonaisuudeksi. P\u00e4invastoin kuin s\u00e4vellyksess\u00e4, kaupungin \u00e4\u00e4nimaailma ei kuitenkaan kuulosta harmoniselta, vaan jokin instrumentti tai \u00e4\u00e4nen l\u00e4hde hallitsee. Autot ja ajoneuvot ovat kaupungissa usein sooloesiintyji\u00e4, jotka j\u00e4tt\u00e4v\u00e4t liikenteen melun alle muut [&hellip;]<\/p>\n","protected":false},"author":6,"featured_media":10002,"comment_status":"closed","ping_status":"closed","sticky":false,"template":"","format":"standard","meta":{"_acf_changed":false,"footnotes":""},"categories":[475],"tags":[],"project_category":[497,486],"class_list":["post-10006","post","type-post","status-publish","format-standard","has-post-thumbnail","hentry","category-uutiset","project_category-melu","project_category-sound-design-fi"],"acf":[],"yoast_head":"<!-- This site is optimized with the Yoast SEO plugin v22.1 - https:\/\/yoast.com\/wordpress\/plugins\/seo\/ -->\n<title>Melusta miellytt\u00e4viin \u00e4\u00e4niin - Efterklang<\/title>\n<meta name=\"description\" content=\"Me Efterklangilla l\u00e4hestymme \u00e4\u00e4nt\u00e4 kokonaisvaltaisesti - j\u00e4rjell\u00e4 ja tunteella.\" \/>\n<meta name=\"robots\" content=\"index, follow, max-snippet:-1, max-image-preview:large, max-video-preview:-1\" \/>\n<link rel=\"canonical\" href=\"https:\/\/efterklang.org\/fi\/melusta-miellyttaviin-aaniin\/\" \/>\n<meta property=\"og:locale\" content=\"fi_FI\" \/>\n<meta property=\"og:type\" content=\"article\" \/>\n<meta property=\"og:title\" content=\"Melusta miellytt\u00e4viin \u00e4\u00e4niin - Efterklang\" \/>\n<meta property=\"og:description\" content=\"Me Efterklangilla l\u00e4hestymme \u00e4\u00e4nt\u00e4 kokonaisvaltaisesti - j\u00e4rjell\u00e4 ja tunteella.\" \/>\n<meta property=\"og:url\" content=\"https:\/\/efterklang.org\/fi\/melusta-miellyttaviin-aaniin\/\" \/>\n<meta property=\"og:site_name\" content=\"Efterklang\" \/>\n<meta property=\"article:published_time\" content=\"2022-12-13T09:19:33+00:00\" \/>\n<meta property=\"og:image\" content=\"https:\/\/efterklang.org\/wp-content\/uploads\/2022\/12\/220520-Efterklang-Press-8web.jpg\" \/>\n\t<meta property=\"og:image:width\" content=\"1000\" \/>\n\t<meta property=\"og:image:height\" content=\"665\" \/>\n\t<meta property=\"og:image:type\" content=\"image\/jpeg\" \/>\n<meta name=\"author\" content=\"Hilde Rosenberg Bulow\" \/>\n<meta name=\"twitter:card\" content=\"summary_large_image\" \/>\n<meta name=\"twitter:label1\" content=\"Kirjoittanut\" \/>\n\t<meta name=\"twitter:data1\" content=\"Hilde Rosenberg Bulow\" \/>\n\t<meta name=\"twitter:label2\" content=\"Arvioitu lukuaika\" \/>\n\t<meta name=\"twitter:data2\" content=\"1 minuutti\" \/>\n<script type=\"application\/ld+json\" class=\"yoast-schema-graph\">{\"@context\":\"https:\/\/schema.org\",\"@graph\":[{\"@type\":\"Article\",\"@id\":\"https:\/\/efterklang.org\/fi\/melusta-miellyttaviin-aaniin\/#article\",\"isPartOf\":{\"@id\":\"https:\/\/efterklang.org\/fi\/melusta-miellyttaviin-aaniin\/\"},\"author\":{\"name\":\"Hilde Rosenberg Bulow\",\"@id\":\"https:\/\/efterklang.org\/#\/schema\/person\/d2fcbf1fd1aa8e6bee6414f67ec88ba3\"},\"headline\":\"Melusta miellytt\u00e4viin \u00e4\u00e4niin\",\"datePublished\":\"2022-12-13T09:19:33+00:00\",\"dateModified\":\"2022-12-13T09:19:33+00:00\",\"mainEntityOfPage\":{\"@id\":\"https:\/\/efterklang.org\/fi\/melusta-miellyttaviin-aaniin\/\"},\"wordCount\":143,\"publisher\":{\"@id\":\"https:\/\/efterklang.org\/#organization\"},\"articleSection\":[\"Uutiset\"],\"inLanguage\":\"fi\"},{\"@type\":\"WebPage\",\"@id\":\"https:\/\/efterklang.org\/fi\/melusta-miellyttaviin-aaniin\/\",\"url\":\"https:\/\/efterklang.org\/fi\/melusta-miellyttaviin-aaniin\/\",\"name\":\"Melusta miellytt\u00e4viin \u00e4\u00e4niin - Efterklang\",\"isPartOf\":{\"@id\":\"https:\/\/efterklang.org\/#website\"},\"datePublished\":\"2022-12-13T09:19:33+00:00\",\"dateModified\":\"2022-12-13T09:19:33+00:00\",\"description\":\"Me Efterklangilla l\u00e4hestymme \u00e4\u00e4nt\u00e4 kokonaisvaltaisesti - j\u00e4rjell\u00e4 ja tunteella.\",\"breadcrumb\":{\"@id\":\"https:\/\/efterklang.org\/fi\/melusta-miellyttaviin-aaniin\/#breadcrumb\"},\"inLanguage\":\"fi\",\"potentialAction\":[{\"@type\":\"ReadAction\",\"target\":[\"https:\/\/efterklang.org\/fi\/melusta-miellyttaviin-aaniin\/\"]}]},{\"@type\":\"BreadcrumbList\",\"@id\":\"https:\/\/efterklang.org\/fi\/melusta-miellyttaviin-aaniin\/#breadcrumb\",\"itemListElement\":[{\"@type\":\"ListItem\",\"position\":1,\"name\":\"Home\",\"item\":\"https:\/\/efterklang.org\/fi\/\"},{\"@type\":\"ListItem\",\"position\":2,\"name\":\"Melusta miellytt\u00e4viin \u00e4\u00e4niin\"}]},{\"@type\":\"WebSite\",\"@id\":\"https:\/\/efterklang.org\/#website\",\"url\":\"https:\/\/efterklang.org\/\",\"name\":\"Efterklang\",\"description\":\"Site by basta-kompisar\",\"publisher\":{\"@id\":\"https:\/\/efterklang.org\/#organization\"},\"potentialAction\":[{\"@type\":\"SearchAction\",\"target\":{\"@type\":\"EntryPoint\",\"urlTemplate\":\"https:\/\/efterklang.org\/?s={search_term_string}\"},\"query-input\":\"required name=search_term_string\"}],\"inLanguage\":\"fi\"},{\"@type\":\"Organization\",\"@id\":\"https:\/\/efterklang.org\/#organization\",\"name\":\"Efterklang\",\"url\":\"https:\/\/efterklang.org\/\",\"logo\":{\"@type\":\"ImageObject\",\"inLanguage\":\"fi\",\"@id\":\"https:\/\/efterklang.org\/#\/schema\/logo\/image\/\",\"url\":\"https:\/\/efterklang.org\/wp-content\/uploads\/2021\/10\/Asset-25.svg\",\"contentUrl\":\"https:\/\/efterklang.org\/wp-content\/uploads\/2021\/10\/Asset-25.svg\",\"caption\":\"Efterklang\"},\"image\":{\"@id\":\"https:\/\/efterklang.org\/#\/schema\/logo\/image\/\"}},{\"@type\":\"Person\",\"@id\":\"https:\/\/efterklang.org\/#\/schema\/person\/d2fcbf1fd1aa8e6bee6414f67ec88ba3\",\"name\":\"Hilde Rosenberg Bulow\",\"image\":{\"@type\":\"ImageObject\",\"inLanguage\":\"fi\",\"@id\":\"https:\/\/efterklang.org\/#\/schema\/person\/image\/\",\"url\":\"https:\/\/secure.gravatar.com\/avatar\/da8c6a28eb4c86a14fb46d50159a3046c90cd3fac77f99cbadda7c1087a80168?s=96&d=mm&r=g\",\"contentUrl\":\"https:\/\/secure.gravatar.com\/avatar\/da8c6a28eb4c86a14fb46d50159a3046c90cd3fac77f99cbadda7c1087a80168?s=96&d=mm&r=g\",\"caption\":\"Hilde Rosenberg Bulow\"}}]}<\/script>\n<!-- \/ Yoast SEO plugin. -->","yoast_head_json":{"title":"Melusta miellytt\u00e4viin \u00e4\u00e4niin - Efterklang","description":"Me Efterklangilla l\u00e4hestymme \u00e4\u00e4nt\u00e4 kokonaisvaltaisesti - j\u00e4rjell\u00e4 ja tunteella.","robots":{"index":"index","follow":"follow","max-snippet":"max-snippet:-1","max-image-preview":"max-image-preview:large","max-video-preview":"max-video-preview:-1"},"canonical":"https:\/\/efterklang.org\/fi\/melusta-miellyttaviin-aaniin\/","og_locale":"fi_FI","og_type":"article","og_title":"Melusta miellytt\u00e4viin \u00e4\u00e4niin - Efterklang","og_description":"Me Efterklangilla l\u00e4hestymme \u00e4\u00e4nt\u00e4 kokonaisvaltaisesti - j\u00e4rjell\u00e4 ja tunteella.","og_url":"https:\/\/efterklang.org\/fi\/melusta-miellyttaviin-aaniin\/","og_site_name":"Efterklang","article_published_time":"2022-12-13T09:19:33+00:00","og_image":[{"width":1000,"height":665,"url":"https:\/\/efterklang.org\/wp-content\/uploads\/2022\/12\/220520-Efterklang-Press-8web.jpg","type":"image\/jpeg"}],"author":"Hilde Rosenberg Bulow","twitter_card":"summary_large_image","twitter_misc":{"Kirjoittanut":"Hilde Rosenberg Bulow","Arvioitu lukuaika":"1 minuutti"},"schema":{"@context":"https:\/\/schema.org","@graph":[{"@type":"Article","@id":"https:\/\/efterklang.org\/fi\/melusta-miellyttaviin-aaniin\/#article","isPartOf":{"@id":"https:\/\/efterklang.org\/fi\/melusta-miellyttaviin-aaniin\/"},"author":{"name":"Hilde Rosenberg Bulow","@id":"https:\/\/efterklang.org\/#\/schema\/person\/d2fcbf1fd1aa8e6bee6414f67ec88ba3"},"headline":"Melusta miellytt\u00e4viin \u00e4\u00e4niin","datePublished":"2022-12-13T09:19:33+00:00","dateModified":"2022-12-13T09:19:33+00:00","mainEntityOfPage":{"@id":"https:\/\/efterklang.org\/fi\/melusta-miellyttaviin-aaniin\/"},"wordCount":143,"publisher":{"@id":"https:\/\/efterklang.org\/#organization"},"articleSection":["Uutiset"],"inLanguage":"fi"},{"@type":"WebPage","@id":"https:\/\/efterklang.org\/fi\/melusta-miellyttaviin-aaniin\/","url":"https:\/\/efterklang.org\/fi\/melusta-miellyttaviin-aaniin\/","name":"Melusta miellytt\u00e4viin \u00e4\u00e4niin - Efterklang","isPartOf":{"@id":"https:\/\/efterklang.org\/#website"},"datePublished":"2022-12-13T09:19:33+00:00","dateModified":"2022-12-13T09:19:33+00:00","description":"Me Efterklangilla l\u00e4hestymme \u00e4\u00e4nt\u00e4 kokonaisvaltaisesti - j\u00e4rjell\u00e4 ja tunteella.","breadcrumb":{"@id":"https:\/\/efterklang.org\/fi\/melusta-miellyttaviin-aaniin\/#breadcrumb"},"inLanguage":"fi","potentialAction":[{"@type":"ReadAction","target":["https:\/\/efterklang.org\/fi\/melusta-miellyttaviin-aaniin\/"]}]},{"@type":"BreadcrumbList","@id":"https:\/\/efterklang.org\/fi\/melusta-miellyttaviin-aaniin\/#breadcrumb","itemListElement":[{"@type":"ListItem","position":1,"name":"Home","item":"https:\/\/efterklang.org\/fi\/"},{"@type":"ListItem","position":2,"name":"Melusta miellytt\u00e4viin \u00e4\u00e4niin"}]},{"@type":"WebSite","@id":"https:\/\/efterklang.org\/#website","url":"https:\/\/efterklang.org\/","name":"Efterklang","description":"Site by basta-kompisar","publisher":{"@id":"https:\/\/efterklang.org\/#organization"},"potentialAction":[{"@type":"SearchAction","target":{"@type":"EntryPoint","urlTemplate":"https:\/\/efterklang.org\/?s={search_term_string}"},"query-input":"required name=search_term_string"}],"inLanguage":"fi"},{"@type":"Organization","@id":"https:\/\/efterklang.org\/#organization","name":"Efterklang","url":"https:\/\/efterklang.org\/","logo":{"@type":"ImageObject","inLanguage":"fi","@id":"https:\/\/efterklang.org\/#\/schema\/logo\/image\/","url":"https:\/\/efterklang.org\/wp-content\/uploads\/2021\/10\/Asset-25.svg","contentUrl":"https:\/\/efterklang.org\/wp-content\/uploads\/2021\/10\/Asset-25.svg","caption":"Efterklang"},"image":{"@id":"https:\/\/efterklang.org\/#\/schema\/logo\/image\/"}},{"@type":"Person","@id":"https:\/\/efterklang.org\/#\/schema\/person\/d2fcbf1fd1aa8e6bee6414f67ec88ba3","name":"Hilde Rosenberg Bulow","image":{"@type":"ImageObject","inLanguage":"fi","@id":"https:\/\/efterklang.org\/#\/schema\/person\/image\/","url":"https:\/\/secure.gravatar.com\/avatar\/da8c6a28eb4c86a14fb46d50159a3046c90cd3fac77f99cbadda7c1087a80168?s=96&d=mm&r=g","contentUrl":"https:\/\/secure.gravatar.com\/avatar\/da8c6a28eb4c86a14fb46d50159a3046c90cd3fac77f99cbadda7c1087a80168?s=96&d=mm&r=g","caption":"Hilde Rosenberg Bulow"}}]}},"_links":{"self":[{"href":"https:\/\/efterklang.org\/fi\/wp-json\/wp\/v2\/posts\/10006","targetHints":{"allow":["GET"]}}],"collection":[{"href":"https:\/\/efterklang.org\/fi\/wp-json\/wp\/v2\/posts"}],"about":[{"href":"https:\/\/efterklang.org\/fi\/wp-json\/wp\/v2\/types\/post"}],"author":[{"embeddable":true,"href":"https:\/\/efterklang.org\/fi\/wp-json\/wp\/v2\/users\/6"}],"replies":[{"embeddable":true,"href":"https:\/\/efterklang.org\/fi\/wp-json\/wp\/v2\/comments?post=10006"}],"version-history":[{"count":3,"href":"https:\/\/efterklang.org\/fi\/wp-json\/wp\/v2\/posts\/10006\/revisions"}],"predecessor-version":[{"id":10085,"href":"https:\/\/efterklang.org\/fi\/wp-json\/wp\/v2\/posts\/10006\/revisions\/10085"}],"wp:featuredmedia":[{"embeddable":true,"href":"https:\/\/efterklang.org\/fi\/wp-json\/wp\/v2\/media\/10002"}],"wp:attachment":[{"href":"https:\/\/efterklang.org\/fi\/wp-json\/wp\/v2\/media?parent=10006"}],"wp:term":[{"taxonomy":"category","embeddable":true,"href":"https:\/\/efterklang.org\/fi\/wp-json\/wp\/v2\/categories?post=10006"},{"taxonomy":"post_tag","embeddable":true,"href":"https:\/\/efterklang.org\/fi\/wp-json\/wp\/v2\/tags?post=10006"},{"taxonomy":"project_category","embeddable":true,"href":"https:\/\/efterklang.org\/fi\/wp-json\/wp\/v2\/project_category?post=10006"}],"curies":[{"name":"wp","href":"https:\/\/api.w.org\/{rel}","templated":true}]}}